{"id":49711,"date":"2023-11-26T09:28:21","date_gmt":"2023-11-26T07:28:21","guid":{"rendered":"https:\/\/ra-domanski.de\/page\/?p=49711"},"modified":"2023-11-27T10:11:34","modified_gmt":"2023-11-27T08:11:34","slug":"verjaehrung-bei-sexuellem-missbrauch","status":"publish","type":"post","link":"https:\/\/ra-domanski.de\/page\/verjaehrung-bei-sexuellem-missbrauch\/","title":{"rendered":"Verj\u00e4hrung bei sexuellem Missbrauch"},"content":{"rendered":"<p style=\"text-align: justify;\">Die EKD-Ratsvorsitzende, die anderen Menschen bekanntlich <a href=\"https:\/\/t1p.de\/xjeoi\" target=\"_blank\" rel=\"noopener\">bis zur Grenze der Selbstaufgabe<\/a> helfen m\u00f6chte, ist zur\u00fcckgetreten, und das pikanterweise relativ zeitnah zu besagtem Zitat. Der Hintergrund ist ein Missbrauchsskandal aus den 90er Jahren, den sie mutma\u00dflich vertuscht haben soll. In den Medien liest man, dass die StA Siegen diesbez\u00fcglich <a href=\"https:\/\/t1p.de\/k14wz\" target=\"_blank\" rel=\"noopener\">Ermittlungen gegen einen Mann aufgenommen<\/a> hat.<\/p>\n<p style=\"text-align: justify;\">Das mag zun\u00e4chst verwunderlich klingen, denn seit den 90ern sind roundabout 30 Jahre vergangen. Wenn man sich die Verj\u00e4hrungsregeln in <a href=\"https:\/\/t1p.de\/svs11\" target=\"_blank\" rel=\"noopener\">\u00a7 78 StGB<\/a> anschaut, dann passt das offenkundig nicht. Der Trick besteht jedoch darin, ein paar Buchstaben weiterzuschauen. In <a href=\"https:\/\/t1p.de\/5vbxj\" target=\"_blank\" rel=\"noopener\">\u00a7 78b Abs. 1 Nr. 1 StGB<\/a> steht n\u00e4mlich &#8211; seit 1998 &#8211; etwas von einem Ruhen der Verj\u00e4hrung bis zur Vollendung des 30. Lebensjahres. Die Altersgrenze wirkt scheinbar willk\u00fcrlich, hat jedoch mit der Vermutung zu tun, dass erwachsene Kinder <a href=\"https:\/\/t1p.de\/bzszj\" target=\"_blank\" rel=\"noopener\">mit roundabout 30 aus dem Elternhaus ausziehen<\/a>.<\/p>\n<p style=\"text-align: justify;\">Damit stellt sich <a href=\"https:\/\/t1p.de\/jtvvo\" rel=\"noopener\" target=\"_blank\">erneut<\/a> die Rechtsfrage, ob eine nachtr\u00e4gliche \u00c4nderung der Spielregeln auch auf F\u00e4lle anzuwenden ist, die sich davor ereignet haben. Die herrschende Meinung bejaht dies. Ich halte es f\u00fcr grob falsch, aber das interessiert niemanden. Vor Gericht gilt nur die Rechtsauffassung der Gerichte.<\/p>\n","protected":false},"excerpt":{"rendered":"<p>Die EKD-Ratsvorsitzende, die anderen Menschen bekanntlich bis zur Grenze der Selbstaufgabe helfen m\u00f6chte, ist zur\u00fcckgetreten, und das pikanterweise relativ zeitnah zu besagtem Zitat. Der Hintergrund ist ein Missbrauchsskandal aus den 90er Jahren, den sie mutma\u00dflich vertuscht haben soll. In den Medien liest man, dass die StA Siegen diesbez\u00fcglich Ermittlungen gegen einen Mann aufgenommen hat. Das<span class=\"excerpt-more\"> [&#8230;]<\/span><\/p>\n","protected":false},"author":2,"featured_media":0,"comment_status":"closed","ping_status":"open","sticky":false,"template":"","format":"standard","meta":{"slim_seo":{"title":"Verj\u00e4hrung bei sexuellem Missbrauch - Rechtsanwalt Markus Domanski","description":"Die EKD-Ratsvorsitzende, die anderen Menschen bekanntlich bis zur Grenze der Selbstaufgabe helfen m\u00f6chte, ist zur\u00fcckgetreten, und das pikanterweise relativ zeit"},"footnotes":""},"categories":[7],"tags":[],"class_list":["post-49711","post","type-post","status-publish","format-standard","hentry","category-strafrecht"],"_links":{"self":[{"href":"https:\/\/ra-domanski.de\/page\/wp-json\/wp\/v2\/posts\/49711","targetHints":{"allow":["GET"]}}],"collection":[{"href":"https:\/\/ra-domanski.de\/page\/wp-json\/wp\/v2\/posts"}],"about":[{"href":"https:\/\/ra-domanski.de\/page\/wp-json\/wp\/v2\/types\/post"}],"author":[{"embeddable":true,"href":"https:\/\/ra-domanski.de\/page\/wp-json\/wp\/v2\/users\/2"}],"replies":[{"embeddable":true,"href":"https:\/\/ra-domanski.de\/page\/wp-json\/wp\/v2\/comments?post=49711"}],"version-history":[{"count":0,"href":"https:\/\/ra-domanski.de\/page\/wp-json\/wp\/v2\/posts\/49711\/revisions"}],"wp:attachment":[{"href":"https:\/\/ra-domanski.de\/page\/wp-json\/wp\/v2\/media?parent=49711"}],"wp:term":[{"taxonomy":"category","embeddable":true,"href":"https:\/\/ra-domanski.de\/page\/wp-json\/wp\/v2\/categories?post=49711"},{"taxonomy":"post_tag","embeddable":true,"href":"https:\/\/ra-domanski.de\/page\/wp-json\/wp\/v2\/tags?post=49711"}],"curies":[{"name":"wp","href":"https:\/\/api.w.org\/{rel}","templated":true}]}}