{"id":49228,"date":"2023-11-16T08:29:27","date_gmt":"2023-11-16T06:29:27","guid":{"rendered":"https:\/\/ra-domanski.de\/page\/?p=49228"},"modified":"2023-11-16T15:47:09","modified_gmt":"2023-11-16T13:47:09","slug":"hans-herbert-v-arnim-84","status":"publish","type":"post","link":"https:\/\/ra-domanski.de\/page\/hans-herbert-v-arnim-84\/","title":{"rendered":"Hans Herbert v. Arnim (84)"},"content":{"rendered":"<p style=\"text-align: justify;\">Der Verfassungsrechtler Prof. Dr. <a href=\"https:\/\/t1p.de\/36f1\" target=\"_blank\" rel=\"noopener\">Hans Herbert v. Arnim<\/a> wird 84 Jahre alt. \u00dcber seinen Lehrstuhl an der Verwaltungsakademie in Speyer hinaus bekannt wurde er insbesondere durch seine B\u00fccher &#8222;<a href=\"https:\/\/t1p.de\/umo23\" target=\"_blank\" rel=\"noopener\">Die Deutschlandakte<\/a>&#8222;, &#8222;<a href=\"https:\/\/t1p.de\/73ilc\" target=\"_blank\" rel=\"noopener\">Das System<\/a>&#8220; und &#8222;<a href=\"https:\/\/t1p.de\/mhxy1\" target=\"_blank\" rel=\"noopener\">Die Hebel der Macht und wer sie bedient<\/a>&#8222;, zu denen leider keine Wikipedia-Eintr\u00e4ge existieren. Diese B\u00fccher zeichnen sich alle dadurch aus, dass sie im Prinzip ein und dasselbe Mantra wiederholen: B\u00fcrgerferne des Staates. Die Bundesrepublik wird nicht vom Volk durch seine Vertreter regiert, sondern von einem Parteienkartell, das sich \u00fcber Listenpl\u00e4tze unabh\u00e4ngig vom W\u00e4hler selbst nominiert. Dieses Parteienkartell genie\u00dft dar\u00fcber hinaus staatliche Vollversorgung und ist damit von den Folgen seiner Entscheidungen weitgehend freigestellt. Diese Thesen finden sich in knapper Form in einem <a href=\"https:\/\/t1p.de\/fuwyv\" target=\"_blank\" rel=\"noopener\">Interview des BR<\/a>. Selbstverst\u00e4ndlich wurde v. Arnim f\u00fcr seine H\u00e4resie auch bereits <a href=\"https:\/\/t1p.de\/rw97m\" target=\"_blank\" rel=\"noopener\">in die rechte Ecke gestellt<\/a>, denn jeder, der das System kritisiert, ist latent rechts, selbst wenn er links ist, oder \u00fcberhaupt kein politisches Ziel hat.<\/p>\n<p style=\"text-align: justify;\">Was bei den Erkenntnissen v. Arnims auff\u00e4llt, ist die Weigerung, nach den Ursachen zu forschen. Er beschreibt\u00a0lediglich den Ist-Zustand, die Symptome, und macht Therapie-Vorschl\u00e4ge. Die Ursache f\u00fcr diese Entwicklung, die Wurzel, erw\u00e4hnt er nicht. Diese Wurzel ist das <a href=\"https:\/\/t1p.de\/31x5\" target=\"_blank\" rel=\"noopener\">Nation Building der Westalliierten<\/a>.<\/p>\n<p style=\"text-align: justify;\">In der BRD, wie auch in der DDR, wurden urspr\u00fcnglich vier sog. &#8222;Volksparteien&#8220; lizensiert (<a href=\"https:\/\/t1p.de\/35t9x\" target=\"_blank\" rel=\"noopener\">SPD, CDU, FDP, KPD<\/a>) und inklusive Spitzenpolitikern, auf deren Nominierung die Bev\u00f6lkerung keinerlei Einfluss hatte, ausgeliefert. Von diesen Parteien hatte die CDU die schwerste Aufgabe, denn sie sollte, <a href=\"https:\/\/t1p.de\/zp6t\" target=\"_blank\" rel=\"noopener\">mit Unterst\u00fctzung der CIA<\/a>, die konservativen W\u00e4hler in der BRD betreuen, die aufgrund ihrer Vorgeschichte kein Vertrauen in die SPD hatten. Dies konnte nur durch Wahlversprechen erfolgen, die man niemals einhalten konnte. Die christlich-abendl\u00e4ndischen Werte wurden sp\u00e4testens 1965 \u00fcber Bord geworfen.<\/p>\n<p style=\"text-align: justify;\">Die CDU wurde, \u00e4hnlich der SED in der Ostzone, als &#8222;<a href=\"https:\/\/t1p.de\/7ihq7\" target=\"_blank\" rel=\"noopener\">Partei neuen Typus<\/a>&#8220; konzipiert. Als Schnittstelle zur USA fungierte die <a href=\"https:\/\/t1p.de\/v021q\" target=\"_blank\" rel=\"noopener\">Konrad-Adenauer-Stiftung<\/a>. Aufgebaut wurde diese Kaderschule von dem damaligen Generalsekret\u00e4r Bruno Heck, der auch zugleich <a href=\"https:\/\/t1p.de\/dhjpd\" target=\"_blank\" rel=\"noopener\">Ansprechpartner der CIA<\/a> war. Bei der SPD ging man andere Wege. Vielversprechende Kandidaten, wie z.B. der sp\u00e4tere Bundeskanzler <a href=\"https:\/\/t1p.de\/nzkik\" target=\"_blank\" rel=\"noopener\">Willy Brandt<\/a>, wurden vom <a href=\"https:\/\/t1p.de\/qzsoc\" target=\"_blank\" rel=\"noopener\">Congress for Cultural Freedom<\/a> (CCF) unterst\u00fctzt. Die KPD, die offenbar unkontrollierbar war, wurde 1956 verboten. Bleibt noch die FDP, die anf\u00e4nglich noch eine <a href=\"https:\/\/t1p.de\/3f603\" target=\"_blank\" rel=\"noopener\">nationalliberale<\/a> Vorstellung von Freiheit hatte. Sie wurde von <a href=\"https:\/\/t1p.de\/a9evk\" target=\"_blank\" rel=\"noopener\">Walter Scheel<\/a> umgedreht und entspricht seither der <a href=\"https:\/\/t1p.de\/9y5rw\" target=\"_blank\" rel=\"noopener\">linksliberalen DDP<\/a>, wie man sie aus der <a href=\"https:\/\/t1p.de\/orh9\" target=\"_blank\" rel=\"noopener\">Weimarer Koalition<\/a> kennt.<\/p>\n<p style=\"text-align: justify;\">Das Ziel der gesamten Konstruktion war ein Staatssystem, bei dem der Wille der Bev\u00f6lkerung keinerlei Rolle spielen kann, wo es m\u00f6glich ist, <a href=\"https:\/\/t1p.de\/l82p\" target=\"_blank\" rel=\"noopener\">Demokratie lediglich zu simulieren<\/a>. Alle Indizien deuten darauf hin, dass von dieser M\u00f6glichkeit Gebrauch gemacht wurde. Hans Herbert v. Arnim hat der Aufz\u00e4hlung dieser Indizien sein Lebenswerk gewidmet. T\u00e4glich liefern unsere freien Medien neue Indizien f\u00fcr seine Thesen. Herzlichen Gl\u00fcckwunsch zum Geburtstag!<\/p>\n","protected":false},"excerpt":{"rendered":"<p>Der Verfassungsrechtler Prof. Dr. Hans Herbert v. Arnim wird 84 Jahre alt. \u00dcber seinen Lehrstuhl an der Verwaltungsakademie in Speyer hinaus bekannt wurde er insbesondere durch seine B\u00fccher &#8222;Die Deutschlandakte&#8222;, &#8222;Das System&#8220; und &#8222;Die Hebel der Macht und wer sie bedient&#8222;, zu denen leider keine Wikipedia-Eintr\u00e4ge existieren. Diese B\u00fccher zeichnen sich alle dadurch aus, dass<span class=\"excerpt-more\"> [&#8230;]<\/span><\/p>\n","protected":false},"author":2,"featured_media":0,"comment_status":"closed","ping_status":"open","sticky":false,"template":"","format":"standard","meta":{"slim_seo":{"title":"Hans Herbert v. Arnim (84) - Rechtsanwalt Markus Domanski","description":"Der Verfassungsrechtler Prof. Dr. Hans Herbert v. Arnim wird 84 Jahre alt. \u00dcber seinen Lehrstuhl an der Verwaltungsakademie in Speyer hinaus bekannt wurde er in"},"footnotes":""},"categories":[11],"tags":[],"class_list":["post-49228","post","type-post","status-publish","format-standard","hentry","category-sonstiges"],"_links":{"self":[{"href":"https:\/\/ra-domanski.de\/page\/wp-json\/wp\/v2\/posts\/49228","targetHints":{"allow":["GET"]}}],"collection":[{"href":"https:\/\/ra-domanski.de\/page\/wp-json\/wp\/v2\/posts"}],"about":[{"href":"https:\/\/ra-domanski.de\/page\/wp-json\/wp\/v2\/types\/post"}],"author":[{"embeddable":true,"href":"https:\/\/ra-domanski.de\/page\/wp-json\/wp\/v2\/users\/2"}],"replies":[{"embeddable":true,"href":"https:\/\/ra-domanski.de\/page\/wp-json\/wp\/v2\/comments?post=49228"}],"version-history":[{"count":0,"href":"https:\/\/ra-domanski.de\/page\/wp-json\/wp\/v2\/posts\/49228\/revisions"}],"wp:attachment":[{"href":"https:\/\/ra-domanski.de\/page\/wp-json\/wp\/v2\/media?parent=49228"}],"wp:term":[{"taxonomy":"category","embeddable":true,"href":"https:\/\/ra-domanski.de\/page\/wp-json\/wp\/v2\/categories?post=49228"},{"taxonomy":"post_tag","embeddable":true,"href":"https:\/\/ra-domanski.de\/page\/wp-json\/wp\/v2\/tags?post=49228"}],"curies":[{"name":"wp","href":"https:\/\/api.w.org\/{rel}","templated":true}]}}