{"id":44964,"date":"2023-03-17T10:46:17","date_gmt":"2023-03-17T08:46:17","guid":{"rendered":"https:\/\/ra-domanski.de\/page\/?p=44964"},"modified":"2023-03-19T13:14:38","modified_gmt":"2023-03-19T11:14:38","slug":"mal-wieder-die-strafmuendigkeit","status":"publish","type":"post","link":"https:\/\/ra-domanski.de\/page\/mal-wieder-die-strafmuendigkeit\/","title":{"rendered":"Mal wieder die Strafm\u00fcndigkeit"},"content":{"rendered":"<p style=\"text-align: justify;\">Nach dem Mord in Freudenberg, der offenbar durch zwei M\u00e4dchen im Alter von 12 und 13 Jahren begangen wurde, mehr Details sind nicht bekannt, wird mal wieder die Absenkung der <a href=\"https:\/\/t1p.de\/gv992\" target=\"_blank\" rel=\"noopener\">Strafm\u00fcndigkeit<\/a> gefordert. <a href=\"https:\/\/t1p.de\/q42bn\" target=\"_blank\" rel=\"noopener\">Alle Parteien<\/a>, mit Ausnahme der \u00fcblichen Verd\u00e4chtigen, sind selbstverst\u00e4ndlich dagegen. Ich kann bereits heute mit absoluter Sicherheit vorhersagen, dass sich rein gar nichts \u00e4ndern wird. Die Begr\u00fcndung liegt in der deutschen Rechtsgeschichte.<\/p>\n<p style=\"text-align: justify;\">Urspr\u00fcnglich, das hei\u00dft in der Erstfassung des StGB aus dem Jahre 1871, lag die <a href=\"https:\/\/t1p.de\/c49tt\" target=\"_blank\" rel=\"noopener\">Stafm\u00fcndigkeit bei 12 Jahren<\/a>. In der Weimarer Republik (Revolution) wurde sie auf 14 Jahre angehoben und zugleich das Vormundschaftsrecht aufgewertet. Im Dritten Reich (Konterrevolution) wurde sie zuletzt wieder auf 12 Jahre abgesenkt. In der Bundesrepublik (Konterkonterrevolution) wurde sie nat\u00fcrlich wieder auf 14 Jahre angehoben. Hier zeigt sich das \u00fcbliche Muster, das jedes Kind mit der Muttermilch aufsaugt: Kaiserreich und Drittes Reich = schlecht, Weimarer Republik und Bundesrepublik = gut, bzw. <a href=\"https:\/\/t1p.de\/t6ov\" target=\"_blank\" rel=\"noopener\">am allerbesten<\/a>.<\/p>\n<p style=\"text-align: justify;\">Das Eingest\u00e4ndnis, dass der Teufel etwas besser gemacht hat, w\u00e4re Verrat an der Narrative der moralischen \u00dcberlegenheit. Gut, dass es in der Weimarer Republik <a href=\"https:\/\/t1p.de\/kbm7e\" target=\"_blank\" rel=\"noopener\">marodierende Jugendbanden<\/a> gegeben hat, blenden wir einfach mal aus. Unser Staat leidet nicht an den gleichen Problemen, <a href=\"https:\/\/t1p.de\/k36uv\" target=\"_blank\" rel=\"noopener\">nur an denselben<\/a>.<\/p>\n<p>&nbsp;<\/p>\n<p style=\"text-align: justify;\">Update (18.03.2023): Bei der <a href=\"https:\/\/t1p.de\/qxlsa\" target=\"_blank\" rel=\"noopener\">BILD-Zeitung<\/a> haben bislang 109.729 Leser an einer Abstimmung teilgenommen und zu exakt 90% die Absenkung der Strafm\u00fcndigkeit bef\u00fcrwortet. Das ist nat\u00fcrlich v\u00f6llig belanglos, weil die Bundesrepublik eine repr\u00e4sentative Demokratie ist. Die Politiker, die man von den Parteien zur Wahl vorgesetzt bekommt, sehen dies zu fast 90% andersrum. Lie\u00dfe man den Populus abstimmen, <a href=\"https:\/\/t1p.de\/2160t\" target=\"_blank\" rel=\"noopener\">g\u00e4be es in Frankreich die Todesstrafe<\/a>.<\/p>\n<p style=\"text-align: justify;\">Nachtrag (19.03.2023): Der Experte unter den Experten schlechthin, RiBGH a.D. Prof. Dr. Fischer, <a href=\"https:\/\/t1p.de\/m43js\" target=\"_blank\" rel=\"noopener\">erinnert in der LTO daran<\/a>, dass der Strafgedanke der &#8222;Vergeltung&#8220; gegen\u00fcber Kindern unangemessen und verboten sei. In einem <a href=\"https:\/\/t1p.de\/f6553\" target=\"_blank\" rel=\"noopener\">fr\u00fcheren Artikel<\/a> begl\u00fcckte er seine Leser mit der bemerkenswerten Einsicht:<\/p>\n<p style=\"text-align: justify; padding-left: 40px;\">&#8222;Strafe&#8220; ist ihrem Sinn und ihrem Ziel nach Zuf\u00fcgung von &#8222;\u00dcbel&#8220; als Reaktion auf vergangenes Verhalten, aus welchen Gr\u00fcnden und mit welchem &#8222;Strafzweck&#8220; auch immer: Vergeltung, Schuldausgleich, Abschreckung, Erziehung.<\/p>\n<p style=\"text-align: justify;\">Da w\u00fcrde ich sagen, dann nehmen wir hier einfach einen der anderen Strafzwecke. Zum Gl\u00fcck gibt es gen\u00fcgend zur Auswahl, so dass immer einer passt.<\/p>\n","protected":false},"excerpt":{"rendered":"<p>Nach dem Mord in Freudenberg, der offenbar durch zwei M\u00e4dchen im Alter von 12 und 13 Jahren begangen wurde, mehr Details sind nicht bekannt, wird mal wieder die Absenkung der Strafm\u00fcndigkeit gefordert. Alle Parteien, mit Ausnahme der \u00fcblichen Verd\u00e4chtigen, sind selbstverst\u00e4ndlich dagegen. Ich kann bereits heute mit absoluter Sicherheit vorhersagen, dass sich rein gar nichts<span class=\"excerpt-more\"> [&#8230;]<\/span><\/p>\n","protected":false},"author":2,"featured_media":0,"comment_status":"closed","ping_status":"open","sticky":false,"template":"","format":"standard","meta":{"slim_seo":{"title":"Mal wieder die Strafm\u00fcndigkeit - Rechtsanwalt Markus Domanski","description":"Nach dem Mord in Freudenberg, der offenbar durch zwei M\u00e4dchen im Alter von 12 und 13 Jahren begangen wurde, mehr Details sind nicht bekannt, wird mal wieder die"},"footnotes":""},"categories":[138,7],"tags":[],"class_list":["post-44964","post","type-post","status-publish","format-standard","hentry","category-rechtsgeschichte","category-strafrecht"],"_links":{"self":[{"href":"https:\/\/ra-domanski.de\/page\/wp-json\/wp\/v2\/posts\/44964","targetHints":{"allow":["GET"]}}],"collection":[{"href":"https:\/\/ra-domanski.de\/page\/wp-json\/wp\/v2\/posts"}],"about":[{"href":"https:\/\/ra-domanski.de\/page\/wp-json\/wp\/v2\/types\/post"}],"author":[{"embeddable":true,"href":"https:\/\/ra-domanski.de\/page\/wp-json\/wp\/v2\/users\/2"}],"replies":[{"embeddable":true,"href":"https:\/\/ra-domanski.de\/page\/wp-json\/wp\/v2\/comments?post=44964"}],"version-history":[{"count":0,"href":"https:\/\/ra-domanski.de\/page\/wp-json\/wp\/v2\/posts\/44964\/revisions"}],"wp:attachment":[{"href":"https:\/\/ra-domanski.de\/page\/wp-json\/wp\/v2\/media?parent=44964"}],"wp:term":[{"taxonomy":"category","embeddable":true,"href":"https:\/\/ra-domanski.de\/page\/wp-json\/wp\/v2\/categories?post=44964"},{"taxonomy":"post_tag","embeddable":true,"href":"https:\/\/ra-domanski.de\/page\/wp-json\/wp\/v2\/tags?post=44964"}],"curies":[{"name":"wp","href":"https:\/\/api.w.org\/{rel}","templated":true}]}}