{"id":42667,"date":"2022-08-29T10:31:13","date_gmt":"2022-08-29T08:31:13","guid":{"rendered":"https:\/\/ra-domanski.de\/page\/?p=42667"},"modified":"2022-08-30T12:08:59","modified_gmt":"2022-08-30T10:08:59","slug":"kollege-verliert-anwaltszulassung","status":"publish","type":"post","link":"https:\/\/ra-domanski.de\/page\/kollege-verliert-anwaltszulassung\/","title":{"rendered":"Kollege verliert Anwaltszulassung"},"content":{"rendered":"<p style=\"text-align: justify;\">Die <a href=\"https:\/\/t1p.de\/ydwdf\" target=\"_blank\" rel=\"noopener\">Leipziger Volkszeitung<\/a> meldet, dass der Kollege J\u00fcrgen K. seine Anwaltszulassung verloren hat. Das ist schockierend. Was war der Grund?<\/p>\n<p style=\"text-align: justify;\">K\u00f6nnte es daran gelegen haben, dass er den Aktivisten Andreas V. verteidigt hat, der dadurch bekannt wurde, dass er &#8222;prominente Pers\u00f6nlichkeiten&#8220; aus der &#8222;regierungskritischen Szene&#8220; auf Twitter mit nachteiligen Etiketten belegt hat, aber regelm\u00e4\u00dfig freigesprochen wurde? Beispiele gibt es zur Gen\u00fcge:<\/p>\n<ul style=\"text-align: justify;\">\n<li><a href=\"https:\/\/t1p.de\/6401b\" target=\"_blank\" rel=\"noopener\">hier<\/a><\/li>\n<li><a href=\"https:\/\/t1p.de\/v3qxb\" target=\"_blank\" rel=\"noopener\">hier<\/a><\/li>\n<li><a href=\"https:\/\/t1p.de\/g89dk\" target=\"_blank\" rel=\"noopener\">hier<\/a><\/li>\n<li><a href=\"https:\/\/t1p.de\/d89j\" target=\"_blank\" rel=\"noopener\">hier<\/a><\/li>\n<\/ul>\n<p style=\"text-align: justify;\">Nein, nat\u00fcrlich nicht. Diese Aktionen waren weder sittenwidrige Sch\u00e4digungen, noch ein anwaltliches Gesch\u00e4ftsmodell, sondern der berechtigte Kampf um die Meinungsfreiheit. Dass die Anzeigeerstatter sich dadurch im Ergebnis selbst geschadet haben, ist unter dem Begriff &#8222;<a href=\"https:\/\/t1p.de\/rxyg\" target=\"_blank\" rel=\"noopener\">Streisand-Effekt<\/a>&#8220; bekannt.<\/p>\n<p style=\"text-align: justify;\">Nein, bei dem Kollegen K. war es lediglich ein harmloses <a href=\"https:\/\/t1p.de\/j301h\" target=\"_blank\" rel=\"noopener\">Problem mit dem anwaltlichen Versorgungswerk<\/a>. Seine Zulassung wird er nat\u00fcrlich demn\u00e4chst zur\u00fcckerhalten. Das <a href=\"https:\/\/t1p.de\/h246x\" target=\"_blank\" rel=\"noopener\">Twitter-Account<\/a> des Aktivisten wurde mittlerweile gesperrt. Das kann in Anbetracht der Freispr\u00fcche nur ein Versehen gewesen sein.<\/p>\n<p>&nbsp;<\/p>\n<p style=\"text-align: justify;\">P.S.: Wenn der bayrische Ministerpr\u00e4sident <a href=\"https:\/\/t1p.de\/iukk3\" target=\"_blank\" rel=\"noopener\">nachteilige Aussagen<\/a> \u00fcber politische Mitbewerber t\u00e4tigt, dann wei\u00df er, wovon er redet. Im Jahre 1979 durfte man die CSU ungestraft als &#8222;NPD Europas&#8220; bezeichnen. So entschied zumindest das <a href=\"https:\/\/t1p.de\/xpte\" target=\"_blank\" rel=\"noopener\">Bundesverfassungsgericht<\/a> im Jahre 1982, also zwei Jahre nachdem Franz Josef Strau\u00df die Bundestagswahl verloren hatte. Nach der Wende durfte man ihn allerdings <a href=\"https:\/\/t1p.de\/j8tj\" rel=\"noopener\" target=\"_blank\">nicht als sich sexuell bet\u00e4tigendes Schwein darstellen<\/a>.<\/p>\n","protected":false},"excerpt":{"rendered":"<p>Die Leipziger Volkszeitung meldet, dass der Kollege J\u00fcrgen K. seine Anwaltszulassung verloren hat. Das ist schockierend. Was war der Grund? K\u00f6nnte es daran gelegen haben, dass er den Aktivisten Andreas V. verteidigt hat, der dadurch bekannt wurde, dass er &#8222;prominente Pers\u00f6nlichkeiten&#8220; aus der &#8222;regierungskritischen Szene&#8220; auf Twitter mit nachteiligen Etiketten belegt hat, aber regelm\u00e4\u00dfig freigesprochen<span class=\"excerpt-more\"> [&#8230;]<\/span><\/p>\n","protected":false},"author":2,"featured_media":0,"comment_status":"closed","ping_status":"open","sticky":false,"template":"","format":"standard","meta":{"slim_seo":{"title":"Kollege verliert Anwaltszulassung - Rechtsanwalt Markus Domanski","description":"Die Leipziger Volkszeitung meldet, dass der Kollege J\u00fcrgen K. seine Anwaltszulassung verloren hat. Das ist schockierend. Was war der Grund? K\u00f6nnte es daran gele"},"footnotes":""},"categories":[11,7,944],"tags":[],"class_list":["post-42667","post","type-post","status-publish","format-standard","hentry","category-sonstiges","category-strafrecht","category-verfassungsrecht"],"_links":{"self":[{"href":"https:\/\/ra-domanski.de\/page\/wp-json\/wp\/v2\/posts\/42667","targetHints":{"allow":["GET"]}}],"collection":[{"href":"https:\/\/ra-domanski.de\/page\/wp-json\/wp\/v2\/posts"}],"about":[{"href":"https:\/\/ra-domanski.de\/page\/wp-json\/wp\/v2\/types\/post"}],"author":[{"embeddable":true,"href":"https:\/\/ra-domanski.de\/page\/wp-json\/wp\/v2\/users\/2"}],"replies":[{"embeddable":true,"href":"https:\/\/ra-domanski.de\/page\/wp-json\/wp\/v2\/comments?post=42667"}],"version-history":[{"count":0,"href":"https:\/\/ra-domanski.de\/page\/wp-json\/wp\/v2\/posts\/42667\/revisions"}],"wp:attachment":[{"href":"https:\/\/ra-domanski.de\/page\/wp-json\/wp\/v2\/media?parent=42667"}],"wp:term":[{"taxonomy":"category","embeddable":true,"href":"https:\/\/ra-domanski.de\/page\/wp-json\/wp\/v2\/categories?post=42667"},{"taxonomy":"post_tag","embeddable":true,"href":"https:\/\/ra-domanski.de\/page\/wp-json\/wp\/v2\/tags?post=42667"}],"curies":[{"name":"wp","href":"https:\/\/api.w.org\/{rel}","templated":true}]}}