{"id":42653,"date":"2022-08-28T09:51:17","date_gmt":"2022-08-28T07:51:17","guid":{"rendered":"https:\/\/ra-domanski.de\/page\/?p=42653"},"modified":"2022-08-29T10:50:01","modified_gmt":"2022-08-29T08:50:01","slug":"vgh-kassel-erlaubt-autobahn-demo","status":"publish","type":"post","link":"https:\/\/ra-domanski.de\/page\/vgh-kassel-erlaubt-autobahn-demo\/","title":{"rendered":"VGH Kassel erlaubt Autobahn-Demo"},"content":{"rendered":"<p style=\"text-align: justify;\">Um der Erderw\u00e4rmung einen Stich durch die Rechnung zu machen, ein Indiz f\u00fcr menschliche Allmachtphantasien, wollen sog. &#8222;Aktivisten&#8220; bekanntlich den deutschen Stra\u00dfenverkehr lahmlegen. Eine beliebte Methode ist die Fahrrad-Demo auf der Autobahn. Die Autobahn-GmbH, die das Ergebnis der \u00fcberfl\u00fcssigen Privatisierung der deutschen Infrastruktur in den 90er Jahren ist, hat gegen eine solche Demo vor dem VG Wiesbaden geklagt und verloren. Diese Entscheidung wurde <a href=\"https:\/\/t1p.de\/ggo5b\" target=\"_blank\" rel=\"noopener\">vom VGH Kassel best\u00e4tigt<\/a>. Sie liegt mir nicht im Original vor, aber es gibt eine <a href=\"https:\/\/t1p.de\/yvz2v\" target=\"_blank\" rel=\"noopener\">\u00e4hnliche Entscheidung aus dem Jahre 2021<\/a>.<\/p>\n<p style=\"text-align: justify;\">Diese Entscheidung ist offenkundig falsch, sie steht jedoch in einer Linie mit der <a href=\"https:\/\/t1p.de\/zf0sp\" target=\"_blank\" rel=\"noopener\">Grundsatzentscheidung des VGH Kassel aus dem Jahre 2008<\/a>, die von der offenkundig richtigen <a href=\"https:\/\/t1p.de\/k7o1f\" target=\"_blank\" rel=\"noopener\">Grundsatzentscheidung des OVG Niedersachsen<\/a> aus dem Jahre 1978 abweicht, als linksradikale Verwaltungsrichter noch selten waren. Die Versammlungsfreiheit dient zur politischen Kommunikation, aber Autobahnen dienen nicht der Kommunikation, sondern der Fortbewegung. Im \u00dcbrigen geht es bei solchen Autobahn-Demos auch nicht um Kommunikation, sondern um Sabotage. Ferner sind laut <a href=\"https:\/\/t1p.de\/2c2b1\" target=\"_blank\" rel=\"noopener\">\u00a7 18 StVO<\/a> auf Autobahnen nur Fahrzeuge erlaubt, die eine Mindestgeschwindigkeit von 60 km\/h haben. Fahrradfaher und Fu\u00dfg\u00e4nger d\u00fcrfen Autobahnen weder nutzen, noch betreten. Nun ist es so, dass einfache Gesetze das Grundgesetz nicht einschr\u00e4nken k\u00f6nnen, die in einfachen Gesetzen zum Ausdruck kommenden Wertungen k\u00f6nnen jedoch bei einer Abw\u00e4gung zwischen zwei kollidierenden Grundrechten &#8211; Versammlungsfreiheit vs. Fortbewegungsfreiheit &#8211; herangezogen werden. Man kann auch an einem anderen Ort f\u00fcr den sog. &#8222;Klimaschutz&#8220; demonstrieren. Last but not least geht es hier um eine Bundesautobahn. Diesbez\u00fcglich kann man durchaus die Frage stellen, 0b das Bundesverwaltungsgericht bei solchen Themen nicht grunds\u00e4tzlich erstzust\u00e4ndig sein sollte.<\/p>\n<p>Zum Abschluss m\u00f6chte ich noch an Ludwig Thomas &#8222;<a href=\"https:\/\/t1p.de\/fzqiu\" target=\"_blank\" rel=\"noopener\">Der Vertrag<\/a>&#8220; erinnern:<\/p>\n<p style=\"padding-left: 40px; text-align: justify;\">&#8222;Alois Eschenberger hielt sich von da ab das weibliche Geschlecht vom Leibe und widmete sich ganz den Studien. Er bekam im Staatsexamen einen Brucheinser und damit f\u00fcr jede Dummheit einen Freibrief im rechtsrheinischen Bayern.&#8220;<\/p>\n<p>Hier haben wir es nicht mit einer Dummheit zu tun, sondern mit <a href=\"https:\/\/t1p.de\/7u2o\" rel=\"noopener\" target=\"_blank\">politischem Aktivismus in Richerroben<\/a>. Das ist eine Gefahr f\u00fcr die Demokratie!<\/p>\n<p style=\"text-align: justify;\">\n","protected":false},"excerpt":{"rendered":"<p>Um der Erderw\u00e4rmung einen Stich durch die Rechnung zu machen, ein Indiz f\u00fcr menschliche Allmachtphantasien, wollen sog. &#8222;Aktivisten&#8220; bekanntlich den deutschen Stra\u00dfenverkehr lahmlegen. Eine beliebte Methode ist die Fahrrad-Demo auf der Autobahn. Die Autobahn-GmbH, die das Ergebnis der \u00fcberfl\u00fcssigen Privatisierung der deutschen Infrastruktur in den 90er Jahren ist, hat gegen eine solche Demo vor dem<span class=\"excerpt-more\"> [&#8230;]<\/span><\/p>\n","protected":false},"author":2,"featured_media":0,"comment_status":"closed","ping_status":"open","sticky":false,"template":"","format":"standard","meta":{"slim_seo":{"title":"VGH Kassel erlaubt Autobahn-Demo - Rechtsanwalt Markus Domanski","description":"Um der Erderw\u00e4rmung einen Stich durch die Rechnung zu machen, ein Indiz f\u00fcr menschliche Allmachtphantasien, wollen sog. \"Aktivisten\" bekanntlich den deutschen S"},"footnotes":""},"categories":[944,4,10],"tags":[],"class_list":["post-42653","post","type-post","status-publish","format-standard","hentry","category-verfassungsrecht","category-verkehrsrecht","category-verwaltungsrecht"],"_links":{"self":[{"href":"https:\/\/ra-domanski.de\/page\/wp-json\/wp\/v2\/posts\/42653","targetHints":{"allow":["GET"]}}],"collection":[{"href":"https:\/\/ra-domanski.de\/page\/wp-json\/wp\/v2\/posts"}],"about":[{"href":"https:\/\/ra-domanski.de\/page\/wp-json\/wp\/v2\/types\/post"}],"author":[{"embeddable":true,"href":"https:\/\/ra-domanski.de\/page\/wp-json\/wp\/v2\/users\/2"}],"replies":[{"embeddable":true,"href":"https:\/\/ra-domanski.de\/page\/wp-json\/wp\/v2\/comments?post=42653"}],"version-history":[{"count":0,"href":"https:\/\/ra-domanski.de\/page\/wp-json\/wp\/v2\/posts\/42653\/revisions"}],"wp:attachment":[{"href":"https:\/\/ra-domanski.de\/page\/wp-json\/wp\/v2\/media?parent=42653"}],"wp:term":[{"taxonomy":"category","embeddable":true,"href":"https:\/\/ra-domanski.de\/page\/wp-json\/wp\/v2\/categories?post=42653"},{"taxonomy":"post_tag","embeddable":true,"href":"https:\/\/ra-domanski.de\/page\/wp-json\/wp\/v2\/tags?post=42653"}],"curies":[{"name":"wp","href":"https:\/\/api.w.org\/{rel}","templated":true}]}}