{"id":41967,"date":"2022-07-15T10:59:36","date_gmt":"2022-07-15T08:59:36","guid":{"rendered":"https:\/\/ra-domanski.de\/page\/?p=41967"},"modified":"2022-07-18T14:33:19","modified_gmt":"2022-07-18T12:33:19","slug":"zum-denuntiantentum","status":"publish","type":"post","link":"https:\/\/ra-domanski.de\/page\/zum-denuntiantentum\/","title":{"rendered":"Zum Denuntiantentum"},"content":{"rendered":"<p style=\"text-align: justify;\">Einen bemerkenswerten Tweet hat das &#8222;MKJFGFI&#8220; abgesetzt. Diese kryptische Buchstabenfolge steht f\u00fcr ein Ministerium aus NRW.<\/p>\n<blockquote class=\"twitter-tweet\" data-width=\"550\" data-dnt=\"true\">\n<p lang=\"de\" dir=\"ltr\"><a href=\"https:\/\/twitter.com\/hashtag\/NRW?src=hash&amp;ref_src=twsrc%5Etfw\">#NRW<\/a> gegen <a href=\"https:\/\/twitter.com\/hashtag\/Queerfeindlichkeit?src=hash&amp;ref_src=twsrc%5Etfw\">#Queerfeindlichkeit<\/a> und <a href=\"https:\/\/twitter.com\/hashtag\/Rassismus?src=hash&amp;ref_src=twsrc%5Etfw\">#Rassismus<\/a>! Min. <a href=\"https:\/\/twitter.com\/JosefinePaul?ref_src=twsrc%5Etfw\">@JosefinePaul<\/a>: Mit einem bundesweit einzigartigen System von Meldestellen wollen wir insb. auch Vorf\u00e4lle unterhalb der Strafbarkeitsgrenze registrieren, die nicht i.d. Polizeistatistiken erfasst werden: <a href=\"https:\/\/t.co\/zuugqfLhDb\">https:\/\/t.co\/zuugqfLhDb<\/a> <a href=\"https:\/\/t.co\/sVExbbPeTF\">pic.twitter.com\/sVExbbPeTF<\/a><\/p>\n<p>&mdash; MKJFGFI (@ChancenNRW) <a href=\"https:\/\/twitter.com\/ChancenNRW\/status\/1546834089495465984?ref_src=twsrc%5Etfw\">July 12, 2022<\/a><\/p><\/blockquote>\n<p><script async src=\"https:\/\/platform.twitter.com\/widgets.js\" charset=\"utf-8\"><\/script><\/p>\n<p style=\"text-align: justify;\">Merke: Auch Vorf\u00e4lle &#8222;unterhalb der Stafbarkeitsschwelle&#8220; sollen gemeldet werden.<\/p>\n<p style=\"text-align: justify;\">Dies bietet Anlass, um sich mit des deutschen Spie\u00dfb\u00fcrgers liebstem Hobby, dem Anschw\u00e4rzen von Mitb\u00fcrgern, zu besch\u00e4ftigen. Damit das Thema auch sch\u00f6n polarisiert, am Beispiel des Denuntiantentums im Dritten Reich. Was hat es dazu nicht alles f\u00fcr tolle <a href=\"https:\/\/t1p.de\/d7rp\" target=\"_blank\" rel=\"noopener\">Studien<\/a>, <a href=\"https:\/\/t1p.de\/l5hty\" rel=\"noopener\" target=\"_blank\">Dissertationen<\/a> und <a href=\"https:\/\/t1p.de\/wpa7o\" target=\"_blank\" rel=\"noopener\"> Artikel<\/a> gegeben?<\/p>\n<p style=\"text-align: justify;\">Weniger bekannt ist jedoch, dass das Problem auch den Nazis bekannt war und als solches gesehen wurde. In Th\u00fcrigen gab es z.B. wegen \u00dcberlastung der Gestapo einen <a href=\"https:\/\/t1p.de\/cavw2\" target=\"_blank\" rel=\"noopener\">Erlass des Innenministeriums<\/a>, den ich seiner K\u00fcrze wegen im Originalwortlaut wiedergeben kann:<\/p>\n<p style=\"text-align: justify; padding-left: 40px;\"><strong>Erlass zur \u201eBek\u00e4mpfung des Denunziantentums\u201c in Th\u00fcringen (26. Mai 1934)<\/strong><\/p>\n<p style=\"text-align: justify; padding-left: 40px;\">In der letzten Zeit ist eine erhebliche Zunahme des Denunziantentums festzustellen. Vielfach werden bei den Polizeibeh\u00f6rden Anzeigen wegen angeblich staatsfeindlicher \u00c4u\u00dferungen erstattet. Bei n\u00e4herer Pr\u00fcfung ergibt es sich, da\u00df diese Anzeigen fast ausschlie\u00dflich auf pers\u00f6nliche Streitigkeiten zur\u00fcckzuf\u00fchren sind und da\u00df die \u00c4u\u00dferungen teilweise viele Monate zur\u00fcckliegen. Namentlich werden bei Hausstreitigkeiten die Gegner oft politisch verd\u00e4chtigt. Die Polizeibeh\u00f6rden werden daher angewiesen, gegen die leichtfertige Erstattung ungerechtfertigter Anzeigen auf Grund des \u00a7 164 des Strafgesetzbuches in der Fassung des Gesetzes vom 26. Mai 1933 (RGBl. S. 295) vorzugehen. Es mu\u00df mit allem Nachdruck daf\u00fcr gesorgt werden, da\u00df die des deutschen Volkes und des nationalsozialistischen Staates unw\u00fcrdige Erscheinung des Denunziantentums verschwindet. &#8211; Th\u00fcringisches Ministerium des Innern<\/p>\n<p style=\"text-align: justify;\">Heute leben wir bekanntlich im <a href=\"https:\/\/t1p.de\/t6ov\" target=\"_blank\" rel=\"noopener\">besten Deutschland aller Zeiten<\/a>, das sich insbesondere auch als <a href=\"https:\/\/t1p.de\/ru9m\" target=\"_blank\" rel=\"noopener\">Gegenmodell zur Gewalt- und Willk\u00fcrherrschaft<\/a> im Dritten Reich versteht. Nun ist es leider so, dass man nicht immer und \u00fcberall das Gegenteil der Nazis tun kann. Die Nazis sind z.B. jeden Morgen aufgestanden und haben ein Fr\u00fchst\u00fcck zu sich genommen. Das Gegenteil best\u00fcnde darin, sich jeden Morgen zu \u00fcbergeben und danach wieder ins Bett zu gehen. Dies mag vielleicht noch in Studenwohnheimen funktionieren, ist aber als Handlungsempfehlung f\u00fcr die Gesellschaft untauglich. Die staatliche Aufforderung zum Denuntiantenum und die diesbez\u00fcgliche Einrichtung von Meldestellen ist jedoch insoweit ambivalent. Das kann man nat\u00fcrlich machen. Meldew\u00fcrdig <a href=\"https:\/\/t1p.de\/xwtf\" target=\"_blank\" rel=\"noopener\">verd\u00e4chtig<\/a> kann alles und jeder sein, denn Strafnormen sollen ja keine Rolle spielen. Mit <a href=\"https:\/\/t1p.de\/k9y66\" target=\"_blank\" rel=\"noopener\">Art. 23 DSGVO<\/a> wird das bestimmt in Einklang zu bringen sein.<\/p>\n","protected":false},"excerpt":{"rendered":"<p>Einen bemerkenswerten Tweet hat das &#8222;MKJFGFI&#8220; abgesetzt. Diese kryptische Buchstabenfolge steht f\u00fcr ein Ministerium aus NRW. Merke: Auch Vorf\u00e4lle &#8222;unterhalb der Stafbarkeitsschwelle&#8220; sollen gemeldet werden. Dies bietet Anlass, um sich mit des deutschen Spie\u00dfb\u00fcrgers liebstem Hobby, dem Anschw\u00e4rzen von Mitb\u00fcrgern, zu besch\u00e4ftigen. Damit das Thema auch sch\u00f6n polarisiert, am Beispiel des Denuntiantentums im Dritten Reich.<span class=\"excerpt-more\"> [&#8230;]<\/span><\/p>\n","protected":false},"author":2,"featured_media":0,"comment_status":"closed","ping_status":"open","sticky":false,"template":"","format":"standard","meta":{"slim_seo":{"title":"Zum Denuntiantentum - Rechtsanwalt Markus Domanski","description":"Einen bemerkenswerten Tweet hat das \"MKJFGFI\" abgesetzt. Diese kryptische Buchstabenfolge steht f\u00fcr ein Ministerium aus NRW. Merke: Auch Vorf\u00e4lle \"unterhalb der"},"footnotes":""},"categories":[1,138],"tags":[],"class_list":["post-41967","post","type-post","status-publish","format-standard","hentry","category-allgemein","category-rechtsgeschichte"],"_links":{"self":[{"href":"https:\/\/ra-domanski.de\/page\/wp-json\/wp\/v2\/posts\/41967","targetHints":{"allow":["GET"]}}],"collection":[{"href":"https:\/\/ra-domanski.de\/page\/wp-json\/wp\/v2\/posts"}],"about":[{"href":"https:\/\/ra-domanski.de\/page\/wp-json\/wp\/v2\/types\/post"}],"author":[{"embeddable":true,"href":"https:\/\/ra-domanski.de\/page\/wp-json\/wp\/v2\/users\/2"}],"replies":[{"embeddable":true,"href":"https:\/\/ra-domanski.de\/page\/wp-json\/wp\/v2\/comments?post=41967"}],"version-history":[{"count":0,"href":"https:\/\/ra-domanski.de\/page\/wp-json\/wp\/v2\/posts\/41967\/revisions"}],"wp:attachment":[{"href":"https:\/\/ra-domanski.de\/page\/wp-json\/wp\/v2\/media?parent=41967"}],"wp:term":[{"taxonomy":"category","embeddable":true,"href":"https:\/\/ra-domanski.de\/page\/wp-json\/wp\/v2\/categories?post=41967"},{"taxonomy":"post_tag","embeddable":true,"href":"https:\/\/ra-domanski.de\/page\/wp-json\/wp\/v2\/tags?post=41967"}],"curies":[{"name":"wp","href":"https:\/\/api.w.org\/{rel}","templated":true}]}}