{"id":41691,"date":"2022-07-04T08:17:06","date_gmt":"2022-07-04T06:17:06","guid":{"rendered":"https:\/\/ra-domanski.de\/page\/?p=41691"},"modified":"2022-07-18T13:28:14","modified_gmt":"2022-07-18T11:28:14","slug":"die-taeterbeschreibung","status":"publish","type":"post","link":"https:\/\/ra-domanski.de\/page\/die-taeterbeschreibung\/","title":{"rendered":"Die T\u00e4terbeschreibung"},"content":{"rendered":"<p style=\"text-align: justify;\">Das Problem der Selbstzensur, die aufgrund der Richtline 12.1 des <a href=\"https:\/\/t1p.de\/nn5l\" target=\"_blank\" rel=\"noopener\">Pressekodex<\/a> betrieben wird, ist auf den ersten Blick die Bef\u00f6rderung von Vorurteilen. Wenn sie im Zusammenhang mit dem Vorfall in D\u00e4nemark von einem &#8222;22-j\u00e4hrigen D\u00e4nen&#8220; lesen, denken die meisten Leser auf Anhieb:<\/p>\n<ul style=\"text-align: justify;\">\n<li style=\"text-align: justify;\">Er hat wahrscheinlich Migrationshintergrund, sonst h\u00e4tte man seinen Vornamen genannt<\/li>\n<li style=\"text-align: justify;\">Er ist wahrscheinlich psychisch gest\u00f6rt<\/li>\n<li style=\"text-align: justify;\">Es war ein wahrscheinlich ein Amoklauf<\/li>\n<\/ul>\n<p style=\"text-align: justify;\">Ob das am Ende der Wahrheit entspricht &#8211; die BILD-Zeitung berichtet von einem &#8222;<a href=\"https:\/\/t1p.de\/so3ap\" target=\"_blank\" rel=\"noopener\">ethnischen D\u00e4nen<\/a>&#8220; &#8211; ist v\u00f6llig egal. Die Reaktion ist konditioniert, und zwar in beide Richtungen, denn wenn ein T\u00e4ter als ethnischer D\u00e4ne beschrieben wird, denken die meisten Leser nat\u00fcrlich sofort:<\/p>\n<ul style=\"text-align: justify;\">\n<li>Er ist wahrscheinlich ein Rechtsextremer<\/li>\n<li>Die Schuldf\u00e4higkeit spielt bei der Beurteilung wahrscheinlich keine Rolle<\/li>\n<li>Es war wahrscheinlich ein Terroranschlag<\/li>\n<\/ul>\n<p style=\"text-align: justify;\">In <a href=\"https:\/\/t1p.de\/g1yqe\" target=\"_blank\" rel=\"noopener\">D\u00e4nemark wird derweil berichtet<\/a>, dass der <del datetime=\"2022-07-04T05:18:08+00:00\">junge Mann<\/del> 22-J\u00e4hrige bereits polizeibekannt war, aber nur &#8222;<a href=\"https:\/\/t1p.de\/xtllf\" target=\"_blank\" rel=\"noopener\">am Rande<\/a>&#8222;.<\/p>\n<p style=\"text-align: justify;\">Es ist wie ein Nebel, in dem man herumstochert. Durch das vorl\u00e4ufige Zur\u00fcckhalten der T\u00e4terbeschreibung wird jedoch ein wichtiges Ziel erreicht: Es wird verhindert, dass ein <a href=\"https:\/\/t1p.de\/one3\" target=\"_blank\" rel=\"noopener\">w\u00fctender Mob durch die Stra\u00dfen zieht<\/a> und Lynchjustiz betreibt. Diese Form der Desinformation ist auch kein typisch deutsches Ph\u00e4nomen, obwohl die entsprechende Richtlinie im deutschen Pressekodex auf die <a href=\"https:\/\/t1p.de\/dj6m7\" target=\"_blank\" rel=\"noopener\">Vergewaltigung deutscher Frauen durch amerikanische Soldaten<\/a> zur\u00fcckgeht, sondern sie wird mittlerweile in der gesamten EU \u00e4hnlich gehandhabt. Die Berichterstattung ist in D\u00e4nemark nicht anders, als in Deutschland.<\/p>\n<p>&nbsp;<\/p>\n<p style=\"text-align: justify;\">Nachtrag: F\u00fcr die offenbar <a href=\"https:\/\/t1p.de\/203nn\" target=\"_blank\" rel=\"noopener\">geschlechtsbezogene Auswahl der Fotos<\/a> im Artikel der BBC habe ich allerdings keine Erkl\u00e4rung. Die armen Frauen.<\/p>\n<p style=\"text-align: justify;\">Update (18.07.2022): Selbst zwei Wochen sp\u00e4ter gibt es keine Neuigkeiten. Der Fall ist komplett aus den Medien verschwunden.<\/p>\n","protected":false},"excerpt":{"rendered":"<p>Das Problem der Selbstzensur, die aufgrund der Richtline 12.1 des Pressekodex betrieben wird, ist auf den ersten Blick die Bef\u00f6rderung von Vorurteilen. Wenn sie im Zusammenhang mit dem Vorfall in D\u00e4nemark von einem &#8222;22-j\u00e4hrigen D\u00e4nen&#8220; lesen, denken die meisten Leser auf Anhieb: Er hat wahrscheinlich Migrationshintergrund, sonst h\u00e4tte man seinen Vornamen genannt Er ist wahrscheinlich<span class=\"excerpt-more\"> [&#8230;]<\/span><\/p>\n","protected":false},"author":2,"featured_media":0,"comment_status":"closed","ping_status":"open","sticky":false,"template":"","format":"standard","meta":{"slim_seo":{"title":"Die T\u00e4terbeschreibung - Rechtsanwalt Markus Domanski","description":"Das Problem der Selbstzensur, die aufgrund der Richtline 12.1 des Pressekodex betrieben wird, ist auf den ersten Blick die Bef\u00f6rderung von Vorurteilen. Wenn sie"},"footnotes":""},"categories":[11,7],"tags":[],"class_list":["post-41691","post","type-post","status-publish","format-standard","hentry","category-sonstiges","category-strafrecht"],"_links":{"self":[{"href":"https:\/\/ra-domanski.de\/page\/wp-json\/wp\/v2\/posts\/41691","targetHints":{"allow":["GET"]}}],"collection":[{"href":"https:\/\/ra-domanski.de\/page\/wp-json\/wp\/v2\/posts"}],"about":[{"href":"https:\/\/ra-domanski.de\/page\/wp-json\/wp\/v2\/types\/post"}],"author":[{"embeddable":true,"href":"https:\/\/ra-domanski.de\/page\/wp-json\/wp\/v2\/users\/2"}],"replies":[{"embeddable":true,"href":"https:\/\/ra-domanski.de\/page\/wp-json\/wp\/v2\/comments?post=41691"}],"version-history":[{"count":0,"href":"https:\/\/ra-domanski.de\/page\/wp-json\/wp\/v2\/posts\/41691\/revisions"}],"wp:attachment":[{"href":"https:\/\/ra-domanski.de\/page\/wp-json\/wp\/v2\/media?parent=41691"}],"wp:term":[{"taxonomy":"category","embeddable":true,"href":"https:\/\/ra-domanski.de\/page\/wp-json\/wp\/v2\/categories?post=41691"},{"taxonomy":"post_tag","embeddable":true,"href":"https:\/\/ra-domanski.de\/page\/wp-json\/wp\/v2\/tags?post=41691"}],"curies":[{"name":"wp","href":"https:\/\/api.w.org\/{rel}","templated":true}]}}