{"id":41681,"date":"2022-07-03T08:52:49","date_gmt":"2022-07-03T06:52:49","guid":{"rendered":"https:\/\/ra-domanski.de\/page\/?p=41681"},"modified":"2022-07-04T08:17:25","modified_gmt":"2022-07-04T06:17:25","slug":"tatverdaechtige-freigelassen","status":"publish","type":"post","link":"https:\/\/ra-domanski.de\/page\/tatverdaechtige-freigelassen\/","title":{"rendered":"Tatverd\u00e4chtige freigelassen"},"content":{"rendered":"<p style=\"text-align: justify;\">Der neue hessische Justizminister Dr. Roman Poseck steht in der Kritik, denn in Frankfurt wurden mehrere Tatverd\u00e4chtige, im Raum stehen versuchte T\u00f6tungsdelikte, <a href=\"https:\/\/t1p.de\/4lqan\" target=\"_blank\" rel=\"noopener\">wegen \u00dcberlastung der Gerichte aus der U-Haft entlassen<\/a>. Dabei sollte klar sein, dass die Ursache f\u00fcr diesen Vorfall auf seinen Vorg\u00e4nger zur\u00fcckgeht und er das Symptom geerbt hat. Bevor er Justizminister wurde, war er der Pr\u00e4sident des OLG Frankfurt und hat bereits <a href=\"https:\/\/t1p.de\/r2rof\" target=\"_blank\" rel=\"noopener\">vor einer \u00dcberlastung der Gerichte gewarnt<\/a>. Das interessiert nat\u00fcrlich niemanden mehr, und schon gar nicht die <a href=\"https:\/\/t1p.de\/4uydv\" target=\"_blank\" rel=\"noopener\">Opposition<\/a>, die als Faust&#8217;scher Mephisto alles stets verneint.<\/p>\n<p style=\"text-align: justify;\">Was letztlich geschehen ist, ergab sich zwingend aus den \u00a7\u00a7 <a href=\"https:\/\/t1p.de\/e7q9w\" target=\"_blank\" rel=\"noopener\">121<\/a>, <a href=\"https:\/\/t1p.de\/sjwxk\" target=\"_blank\" rel=\"noopener\">122<\/a> StPO. Offenbar ist es zu einer \u00dcberpr\u00fcfung durch das OLG gekommen, das die Fortdauer der U-Haft abgelehnt hat. Dass diese Richter einen Fehler gemacht haben, ist nat\u00fcrlich pauschal ausgeschlossen. <a href=\"https:\/\/t1p.de\/x0xri\" rel=\"noopener\" target=\"_blank\">Richter machen keine Fehler<\/a>.<\/p>\n<p style=\"text-align: justify;\">Nun kann man sich nat\u00fcrlich fragen, wieso die Justiz wegen Parkverst\u00f6\u00dfen und sog. &#8222;Hasskriminalit\u00e4t&#8220; kein Pardon kennt, auf der anderen Seite jedoch bei Kapitalverbrechen gef\u00fchlt immer h\u00e4ufiger ein Auge zur\u00fcckt. Das erkl\u00e4rt sich durch den Ermittlungs- und Verfolgungsaufwand. Eine Hauptverhandlung gegen vier Angeklagte mit vier Verteidigern wegen versuchten Totschlags produziert mehrere Leitzordner mit Akten, die zwischen der Staatsanwaltschaft und den Verteidigern im Ermittlungsverfahren hin- und hergeschickt werden. Dann wird Anklage erhoben, auf bis zu 100 Seiten Text, wor\u00fcber das Gericht im Zwischenverfahren zu entscheiden hat. Dann muss die Hauptverhandlung terminiert werden, die ggf. Monate lang dauern kann. Daf\u00fcr werden Gerichtsr\u00e4ume ben\u00f6tigt, deren Anzahl selbstverst\u00e4ndlich begrenzt ist. Selbstverst\u00e4ndlich k\u00f6nnte man sich den ganzen Aufwand sparen und solche F\u00e4lle im sog. <a href=\"https:\/\/t1p.de\/nhl0p\" target=\"_blank\" rel=\"noopener\">Kangoroo Court<\/a> &#8211; auch &#8222;kurzer Prozess&#8220; genannt &#8211; aburteilen, doch dann w\u00e4re die Rechtsstaatlichkeit gef\u00e4hrdet. Denn eines muss man sich klar machen: Wenn man selbst vor Gericht steht, freut man sich \u00fcber den Aufwand, der heute betrieben wird. Das wird h\u00e4ufig an Stammtischen \u00fcbersehen.<\/p>\n<p style=\"text-align: justify;\">Das eigentliche Problem ist ein ganz anderes: Die <a href=\"https:\/\/t1p.de\/zb28q\" target=\"_blank\" rel=\"noopener\">Gerichtsgeb\u00e4ude<\/a> stehen am selben Ort seit \u00fcber 100 Jahren und haben bislang ihren Zweck erf\u00fcllt. Auch das Justizpersonal hat bislang ausgereicht, lediglich die <a href=\"https:\/\/t1p.de\/6xdgk\" target=\"_blank\" rel=\"noopener\">Gerichtsferien<\/a> wurden abgeschafft. Das Problem ist auch nicht die postmoderne Version der Beulenpest, sondern es ist die <a href=\"https:\/\/t1p.de\/wnggi\" target=\"_blank\" rel=\"noopener\">zunehmende Verrohung der Gesellschaft<\/a>, die sich im Zusammenhang mit der <a href=\"https:\/\/t1p.de\/adnmr\" target=\"_blank\" rel=\"noopener\">stetig steigenden Armutsquote<\/a> immer mehr an die <a href=\"https:\/\/t1p.de\/sh6go\" target=\"_blank\" rel=\"noopener\">Zust\u00e4nde in den USA<\/a> angleicht. Dieses Ph\u00e4nomen m\u00f6chte man nicht gerne ansprechen, denn es k\u00f6nnte einige <a href=\"https:\/\/t1p.de\/v6spq\" target=\"_blank\" rel=\"noopener\">politische Entscheidungen<\/a> in Frage stellen. Das Problem l\u00e4sst sich leider nicht durch das <a href=\"https:\/\/t1p.de\/qr9f9\" target=\"_blank\" rel=\"noopener\">Frisieren von Statistiken<\/a> in den Griff bekommen. Mein Tipp: Auf <a href=\"https:\/\/t1p.de\/r1ym\" target=\"_blank\" rel=\"noopener\">das Gute im Menschen<\/a> vertrauen.<\/p>\n<p style=\"text-align: justify;\">\n","protected":false},"excerpt":{"rendered":"<p>Der neue hessische Justizminister Dr. Roman Poseck steht in der Kritik, denn in Frankfurt wurden mehrere Tatverd\u00e4chtige, im Raum stehen versuchte T\u00f6tungsdelikte, wegen \u00dcberlastung der Gerichte aus der U-Haft entlassen. Dabei sollte klar sein, dass die Ursache f\u00fcr diesen Vorfall auf seinen Vorg\u00e4nger zur\u00fcckgeht und er das Symptom geerbt hat. Bevor er Justizminister wurde, war<span class=\"excerpt-more\"> [&#8230;]<\/span><\/p>\n","protected":false},"author":2,"featured_media":0,"comment_status":"closed","ping_status":"open","sticky":false,"template":"","format":"standard","meta":{"slim_seo":{"title":"Tatverd\u00e4chtige freigelassen - Rechtsanwalt Markus Domanski","description":"Der neue hessische Justizminister Dr. Roman Poseck steht in der Kritik, denn in Frankfurt wurden mehrere Tatverd\u00e4chtige, im Raum stehen versuchte T\u00f6tungsdelikte"},"footnotes":""},"categories":[7],"tags":[],"class_list":["post-41681","post","type-post","status-publish","format-standard","hentry","category-strafrecht"],"_links":{"self":[{"href":"https:\/\/ra-domanski.de\/page\/wp-json\/wp\/v2\/posts\/41681","targetHints":{"allow":["GET"]}}],"collection":[{"href":"https:\/\/ra-domanski.de\/page\/wp-json\/wp\/v2\/posts"}],"about":[{"href":"https:\/\/ra-domanski.de\/page\/wp-json\/wp\/v2\/types\/post"}],"author":[{"embeddable":true,"href":"https:\/\/ra-domanski.de\/page\/wp-json\/wp\/v2\/users\/2"}],"replies":[{"embeddable":true,"href":"https:\/\/ra-domanski.de\/page\/wp-json\/wp\/v2\/comments?post=41681"}],"version-history":[{"count":0,"href":"https:\/\/ra-domanski.de\/page\/wp-json\/wp\/v2\/posts\/41681\/revisions"}],"wp:attachment":[{"href":"https:\/\/ra-domanski.de\/page\/wp-json\/wp\/v2\/media?parent=41681"}],"wp:term":[{"taxonomy":"category","embeddable":true,"href":"https:\/\/ra-domanski.de\/page\/wp-json\/wp\/v2\/categories?post=41681"},{"taxonomy":"post_tag","embeddable":true,"href":"https:\/\/ra-domanski.de\/page\/wp-json\/wp\/v2\/tags?post=41681"}],"curies":[{"name":"wp","href":"https:\/\/api.w.org\/{rel}","templated":true}]}}