{"id":40911,"date":"2022-06-18T17:20:45","date_gmt":"2022-06-18T15:20:45","guid":{"rendered":"https:\/\/ra-domanski.de\/page\/?p=40911"},"modified":"2023-12-21T07:42:48","modified_gmt":"2023-12-21T05:42:48","slug":"der-rindalismus","status":"publish","type":"post","link":"https:\/\/ra-domanski.de\/page\/der-rindalismus\/","title":{"rendered":"Der Rindalismus"},"content":{"rendered":"<p style=\"text-align: justify;\">Heute hat der Bundespr\u00e4sident die <a href=\"https:\/\/t1p.de\/oxbvu\">documenta in Kassel er\u00f6ffnet<\/a>. Nat\u00fcrlich lebt diese Ausstellung davon, dass es weiterhin Menschen gibt, die mit moderner Kunst nichts anfangen k\u00f6nnen. In D\u00e4nemark ist dieses Ph\u00e4nomen unter dem Namen &#8222;Rindalismus&#8220; bekannt, nach dem Poltiker <a href=\"https:\/\/t1p.de\/wr46g\" target=\"_blank\" rel=\"noopener\">Peter Rindal<\/a>, der moderne Kunst als &#8222;v\u00f6llig unverst\u00e4ndlich und l\u00e4cherlich&#8220; bezeichnete und deren staatliche F\u00f6rderung streichen wollte. In Deutschland hat dieses Thema nat\u00fcrlich eine besondere Brisanz, denn bekanntlich versuchten die Nazis, den <a href=\"https:\/\/t1p.de\/pmfv\" target=\"_blank\" rel=\"noopener\">akademischen Kunstbegriff<\/a> per Handwerksordnung zu erzwingen, der in den <a href=\"https:\/\/t1p.de\/q4lgd\" target=\"_blank\" rel=\"noopener\">Akademien der sch\u00f6nen K\u00fcnste<\/a> in ganz Europa bis zum Ende des Ersten Weltkriegs vorherrschend war. Der Streit war jedoch selbst damals nicht neu, denn schon 1911 hat die <a href=\"https:\/\/t1p.de\/ng4qv\" rel=\"noopener\" target=\"_blank\">Ankaufspolitik eines Bremer Museumsleiters<\/a> landesweit f\u00fcr Aufsehen gesorgt.<\/p>\n<p style=\"text-align: justify;\">Mittlerweile wissen wir nat\u00fcrlich nicht nur dank unseres Bundesverfassungsgerichts, <a href=\"https:\/\/t1p.de\/gayzr\" target=\"_blank\" rel=\"noopener\">dass Kunst nicht definierbar ist<\/a>, was dazu f\u00fchrt, dass alles Kunst sein kann, selbst <a href=\"https:\/\/t1p.de\/stob\" target=\"_blank\" rel=\"noopener\">menschliche F\u00e4kalien in Dosen<\/a>, sondern auch, dass <a href=\"https:\/\/t1p.de\/hxf2z\" target=\"_blank\" rel=\"noopener\">moderne Kunst von der CIA gef\u00f6rdert<\/a> wurde, um in Deutschland den Amerikanismus zu verbreiten. W\u00e4hrend man sich bei der WELT fragt, <a href=\"https:\/\/t1p.de\/sqjo1\" target=\"_blank\" rel=\"noopener\">ob man Nazi-Kunst sch\u00f6n finden darf<\/a>, wird im Arno Brekers &#8222;<a href=\"https:\/\/t1p.de\/it7aa\" target=\"_blank\" rel=\"noopener\">Staatsatelier<\/a>&#8220; moderne Kunst gezeigt.<\/p>\n<p style=\"text-align: justify;\">Damit w\u00e4re das Thema auch schon abgearbeitet. Es geht nicht um die Kunst, sondern um Ideologie. Moderne Kunst, so unverst\u00e4ndlich und l\u00e4cherlich sie auch wirken mag, hat eine Aufgabe: Sie soll das Gegenmodell zum Nationalsozialismus sein. Wer sich mit ihr identifiziert, ist vom B\u00f6sen gel\u00e4utert. Es ist nichts anderes, als Virtue-Signalling. Man ist sich selbst f\u00fcr absurdesten Mist nicht zu schade, sofern es nur die richtige Gesinnung zum Ausdruck bringt.<\/p>\n<p>Ich hingegen werde bez\u00fcglich moderner Kunst weiterhin von meiner negativen Kunstfreiheit Gebrauch machen. Daf\u00fcr ist mir meine Zeit zu schade.<\/p>\n","protected":false},"excerpt":{"rendered":"<p>Heute hat der Bundespr\u00e4sident die documenta in Kassel er\u00f6ffnet. Nat\u00fcrlich lebt diese Ausstellung davon, dass es weiterhin Menschen gibt, die mit moderner Kunst nichts anfangen k\u00f6nnen. In D\u00e4nemark ist dieses Ph\u00e4nomen unter dem Namen &#8222;Rindalismus&#8220; bekannt, nach dem Poltiker Peter Rindal, der moderne Kunst als &#8222;v\u00f6llig unverst\u00e4ndlich und l\u00e4cherlich&#8220; bezeichnete und deren staatliche F\u00f6rderung streichen<span class=\"excerpt-more\"> [&#8230;]<\/span><\/p>\n","protected":false},"author":2,"featured_media":0,"comment_status":"closed","ping_status":"open","sticky":false,"template":"","format":"standard","meta":{"slim_seo":{"title":"Der Rindalismus - Rechtsanwalt Markus Domanski","description":"Heute hat der Bundespr\u00e4sident die documenta in Kassel er\u00f6ffnet . Nat\u00fcrlich lebt diese Ausstellung davon, dass es weiterhin Menschen gibt, die mit moderner Kunst"},"footnotes":""},"categories":[11],"tags":[],"class_list":["post-40911","post","type-post","status-publish","format-standard","hentry","category-sonstiges"],"_links":{"self":[{"href":"https:\/\/ra-domanski.de\/page\/wp-json\/wp\/v2\/posts\/40911","targetHints":{"allow":["GET"]}}],"collection":[{"href":"https:\/\/ra-domanski.de\/page\/wp-json\/wp\/v2\/posts"}],"about":[{"href":"https:\/\/ra-domanski.de\/page\/wp-json\/wp\/v2\/types\/post"}],"author":[{"embeddable":true,"href":"https:\/\/ra-domanski.de\/page\/wp-json\/wp\/v2\/users\/2"}],"replies":[{"embeddable":true,"href":"https:\/\/ra-domanski.de\/page\/wp-json\/wp\/v2\/comments?post=40911"}],"version-history":[{"count":0,"href":"https:\/\/ra-domanski.de\/page\/wp-json\/wp\/v2\/posts\/40911\/revisions"}],"wp:attachment":[{"href":"https:\/\/ra-domanski.de\/page\/wp-json\/wp\/v2\/media?parent=40911"}],"wp:term":[{"taxonomy":"category","embeddable":true,"href":"https:\/\/ra-domanski.de\/page\/wp-json\/wp\/v2\/categories?post=40911"},{"taxonomy":"post_tag","embeddable":true,"href":"https:\/\/ra-domanski.de\/page\/wp-json\/wp\/v2\/tags?post=40911"}],"curies":[{"name":"wp","href":"https:\/\/api.w.org\/{rel}","templated":true}]}}