{"id":40084,"date":"2022-06-01T10:00:18","date_gmt":"2022-06-01T08:00:18","guid":{"rendered":"https:\/\/ra-domanski.de\/page\/?p=40084"},"modified":"2022-06-01T11:36:29","modified_gmt":"2022-06-01T09:36:29","slug":"ermittlungsakte-beim-tatverdaechtigen","status":"publish","type":"post","link":"https:\/\/ra-domanski.de\/page\/ermittlungsakte-beim-tatverdaechtigen\/","title":{"rendered":"Ermittlungsakte beim Tatverd\u00e4chtigen"},"content":{"rendered":"<p style=\"text-align: justify;\">Der RBB berichtet \u00fcber einen sonderbaren Zufallsfund in der Wohnung eines Tatverd\u00e4chtigen.<\/p>\n<blockquote class=\"twitter-tweet\" data-width=\"550\" data-dnt=\"true\">\n<p lang=\"de\" dir=\"ltr\">Im Herbst 2019 verschwanden einzigartige Schmuckst\u00fccke aus dem Dresdner Gr\u00fcnen Gew\u00f6lbe. Bei einem Tatverd\u00e4chtigen aus <a href=\"https:\/\/twitter.com\/hashtag\/Berlin?src=hash&amp;ref_src=twsrc%5Etfw\">#Berlin<\/a> wurde nun die vollst\u00e4ndige Ermittlungsakte gefunden. <a href=\"https:\/\/twitter.com\/hashtag\/Juwelendiebstahl?src=hash&amp;ref_src=twsrc%5Etfw\">#Juwelendiebstahl<\/a> <a href=\"https:\/\/t.co\/B3Nppd42hD\">https:\/\/t.co\/B3Nppd42hD<\/a><\/p>\n<p>&mdash; rbb|24 (@rbb24) <a href=\"https:\/\/twitter.com\/rbb24\/status\/1531666919400656897?ref_src=twsrc%5Etfw\">May 31, 2022<\/a><\/p><\/blockquote>\n<p><script async src=\"https:\/\/platform.twitter.com\/widgets.js\" charset=\"utf-8\"><\/script><\/p>\n<p style=\"text-align: justify;\">Selbstverst\u00e4ndlich wei\u00df man nicht, wie die Akte dort hingekommen ist.<\/p>\n<p style=\"text-align: justify;\">Ich m\u00f6chte insoweit eine Vermutung \u00e4u\u00dfern: <a href=\"https:\/\/t1p.de\/2utqj\" target=\"_blank\" rel=\"noopener\">Die Berliner Polizei k\u00f6nnte unterwandert sein<\/a>. Ich behaupte, dass diese &#8222;Ermittlungshypothese&#8220;, andere w\u00fcrden sie als &#8222;Verschw\u00f6rungstheorie&#8220; bezeichnen, durchaus nicht fernliegend ist. Es kann nat\u00fcrlich auch ein Freakereignis gewesen sein, so k\u00f6nnte z.B. ein Staatsanwalt in Wohnung eingebrochen sein und die Akte dort deponiert haben. Vielleicht war es auch ein Versehen einer Justizangestellten von der Gesch\u00e4ftsstelle, die &#8222;Strafsache gegen xxxx&#8220; als Zustellungsauftrag verstanden hat. Grunds\u00e4tzlich arbeiten bei der Berliner Polizei <a href=\"https:\/\/t1p.de\/c2r0\" target=\"_blank\" rel=\"noopener\"> ziemlich gute Leute<\/a>.<\/p>\n<p style=\"text-align: justify;\">Nach ihrer Landung auf Sizilien im Jahre 1943 haben die Amerikaner \u00fcbrigens <a href=\"https:\/\/t1p.de\/xbuz\" target=\"_blank\" rel=\"noopener\">mit der Mafia kooperiert<\/a>, da deren Mitglieder als <a href=\"https:\/\/t1p.de\/rzbv\" target=\"_blank\" rel=\"noopener\">Verfolgte des Faschismus<\/a> als &#8222;zuverl\u00e4ssig&#8220; galten. Da der &#8222;Kampf gegen Rechts&#8220; bei der Berliner Polizei neuerdings gro\u00dfgeschrieben wird, w\u00e4re eine entsprechende Personalpolitik auch gar nicht abwegig. Wer ist, mal abgesehen von linksextremen Antifas, zuverl\u00e4ssiger &#8222;gegen Rechts&#8220; als die Mitglieder einer kriminellen Gro\u00dffamilie?<\/p>\n","protected":false},"excerpt":{"rendered":"<p>Der RBB berichtet \u00fcber einen sonderbaren Zufallsfund in der Wohnung eines Tatverd\u00e4chtigen. Selbstverst\u00e4ndlich wei\u00df man nicht, wie die Akte dort hingekommen ist. Ich m\u00f6chte insoweit eine Vermutung \u00e4u\u00dfern: Die Berliner Polizei k\u00f6nnte unterwandert sein. Ich behaupte, dass diese &#8222;Ermittlungshypothese&#8220;, andere w\u00fcrden sie als &#8222;Verschw\u00f6rungstheorie&#8220; bezeichnen, durchaus nicht fernliegend ist. Es kann nat\u00fcrlich auch ein Freakereignis<span class=\"excerpt-more\"> [&#8230;]<\/span><\/p>\n","protected":false},"author":2,"featured_media":0,"comment_status":"closed","ping_status":"open","sticky":false,"template":"","format":"standard","meta":{"slim_seo":{"title":"Ermittlungsakte beim Tatverd\u00e4chtigen - Rechtsanwalt Markus Domanski","description":"Der RBB berichtet \u00fcber einen sonderbaren Zufallsfund in der Wohnung eines Tatverd\u00e4chtigen. Selbstverst\u00e4ndlich wei\u00df man nicht, wie die Akte dort hingekommen ist."},"footnotes":""},"categories":[7],"tags":[],"class_list":["post-40084","post","type-post","status-publish","format-standard","hentry","category-strafrecht"],"_links":{"self":[{"href":"https:\/\/ra-domanski.de\/page\/wp-json\/wp\/v2\/posts\/40084","targetHints":{"allow":["GET"]}}],"collection":[{"href":"https:\/\/ra-domanski.de\/page\/wp-json\/wp\/v2\/posts"}],"about":[{"href":"https:\/\/ra-domanski.de\/page\/wp-json\/wp\/v2\/types\/post"}],"author":[{"embeddable":true,"href":"https:\/\/ra-domanski.de\/page\/wp-json\/wp\/v2\/users\/2"}],"replies":[{"embeddable":true,"href":"https:\/\/ra-domanski.de\/page\/wp-json\/wp\/v2\/comments?post=40084"}],"version-history":[{"count":0,"href":"https:\/\/ra-domanski.de\/page\/wp-json\/wp\/v2\/posts\/40084\/revisions"}],"wp:attachment":[{"href":"https:\/\/ra-domanski.de\/page\/wp-json\/wp\/v2\/media?parent=40084"}],"wp:term":[{"taxonomy":"category","embeddable":true,"href":"https:\/\/ra-domanski.de\/page\/wp-json\/wp\/v2\/categories?post=40084"},{"taxonomy":"post_tag","embeddable":true,"href":"https:\/\/ra-domanski.de\/page\/wp-json\/wp\/v2\/tags?post=40084"}],"curies":[{"name":"wp","href":"https:\/\/api.w.org\/{rel}","templated":true}]}}