{"id":39524,"date":"2022-05-12T07:09:09","date_gmt":"2022-05-12T05:09:09","guid":{"rendered":"https:\/\/ra-domanski.de\/page\/?p=39524"},"modified":"2022-05-12T13:04:40","modified_gmt":"2022-05-12T11:04:40","slug":"usa-bayer-ag","status":"publish","type":"post","link":"https:\/\/ra-domanski.de\/page\/usa-bayer-ag\/","title":{"rendered":"USA .\/. Bayer AG"},"content":{"rendered":"<p style=\"text-align: justify;\">Die <a href=\"https:\/\/t1p.de\/5wru3\" target=\"_blank\" rel=\"noopener\">neuste Meldung<\/a> lautet, dass sich die US-Regierung in das Verfahren gegen die Bayer AG eingeschaltet hat. Der Vorgang verdient eine kurze Zusammenfassung: Im September 2016 war es gelungen, die Bayer zur <a href=\"https:\/\/t1p.de\/emt8k\" target=\"_blank\" rel=\"noopener\">\u00dcbernahme des amerikanischen Argarchemiekonzerns Monsanto<\/a> zu bewegen. Zu diesem Zeitpunkt waren bereits massenweise Klagen anh\u00e4ngig, die von Bayer quasi mitgekauft wurden. Bereits 2012 wurde Monsanto wegen Vergiftung eines Landwirts zu Schadensersatz verurteilt. Bereits wenige Wochen sp\u00e4ter, im Oktober 2016, startete die <a href=\"https:\/\/t1p.de\/pkbtl\" target=\"_blank\" rel=\"noopener\">internationale Kampagne gegen Monsanto<\/a>. Der bislang letzte Schritt ist das besagte Eingreifen der US-Regierung zu Lasten des deutschen Chemiekonzerns.<\/p>\n<p style=\"text-align: justify;\">Dazu sollte man auch die Firmengeschichte der Bayer AG kennen, denn sie ist eine der drei T\u00f6chter der I.G. Farben, die nach dem 2. Weltkrieg von den Alliierten mit dem Kontrollratsgesetz Nr. 9 zerschlagen wurde. Die beiden anderen T\u00f6chter sind die BASF und die Hoechst AG.<\/p>\n<p style=\"padding-left: 40px; text-align: justify;\">Die Hoechst AG hat Mitte der 90er Jahre zwei amerikanische Chemiekonzerne \u00fcbernommen und geriet in der Folge in Schieflage. Sie wurde daraufhin im Jahre 1998 von dem franz\u00f6sischen Chemiekonzern Rhone-Poulenc (Aventis) <a href=\"https:\/\/t1p.de\/hyevr\" target=\"_blank\" rel=\"noopener\">\u00fcbernommen und zerschlagen<\/a>. Dieser Vorgang war so ungew\u00f6hnlich, dass ein ehemaliges Vorstandsmitglied dar\u00fcber <a href=\"https:\/\/t1p.de\/z1org\" target=\"_blank\" rel=\"noopener\">ein lesenswertes Buch<\/a> geschrieben hat.<\/p>\n<p style=\"text-align: justify;\">Die Alliierten begr\u00fcndeten dies damals wie folgt: &#8222;Um jede k\u00fcnftige Bedrohung seiner Nachbarn oder des Weltfriedens durch Deutschland unm\u00f6glich zu machen, und mit R\u00fccksicht auf die Tatsache, da\u00df die I.G. Farbenindustrie sich wissentlich und in hervorragendem Ma\u00dfe mit dem Ausbau und der Erhaltung des deutschen Kriegspotentials befa\u00dft hat.&#8220; Sollte es den USA gelingen, die Bayer AG zu ruinieren, st\u00fcnde auf der &#8222;to-do-list&#8220; noch die <a href=\"https:\/\/t1p.de\/37vru\" target=\"_blank\" rel=\"noopener\">BASF<\/a>.<\/p>\n<p style=\"text-align: justify;\">Native Menschen m\u00f6gen weiterhin glauben, dass <a href=\"https:\/\/t1p.de\/ajwib\" target=\"_blank\" rel=\"noopener\">Deutschland von Freunden umzingelt<\/a> ist. Alle Indizen deuten jedoch auf das genaue Gegenteil hin.<\/p>\n","protected":false},"excerpt":{"rendered":"<p>Die neuste Meldung lautet, dass sich die US-Regierung in das Verfahren gegen die Bayer AG eingeschaltet hat. Der Vorgang verdient eine kurze Zusammenfassung: Im September 2016 war es gelungen, die Bayer zur \u00dcbernahme des amerikanischen Argarchemiekonzerns Monsanto zu bewegen. Zu diesem Zeitpunkt waren bereits massenweise Klagen anh\u00e4ngig, die von Bayer quasi mitgekauft wurden. Bereits 2012<span class=\"excerpt-more\"> [&#8230;]<\/span><\/p>\n","protected":false},"author":2,"featured_media":0,"comment_status":"closed","ping_status":"open","sticky":false,"template":"","format":"standard","meta":{"slim_seo":{"title":"USA .\/. Bayer AG - Rechtsanwalt Markus Domanski","description":"Die neuste Meldung lautet, dass sich die US-Regierung in das Verfahren gegen die Bayer AG eingeschaltet hat. Der Vorgang verdient eine kurze Zusammenfassung: Im"},"footnotes":""},"categories":[11],"tags":[],"class_list":["post-39524","post","type-post","status-publish","format-standard","hentry","category-sonstiges"],"_links":{"self":[{"href":"https:\/\/ra-domanski.de\/page\/wp-json\/wp\/v2\/posts\/39524","targetHints":{"allow":["GET"]}}],"collection":[{"href":"https:\/\/ra-domanski.de\/page\/wp-json\/wp\/v2\/posts"}],"about":[{"href":"https:\/\/ra-domanski.de\/page\/wp-json\/wp\/v2\/types\/post"}],"author":[{"embeddable":true,"href":"https:\/\/ra-domanski.de\/page\/wp-json\/wp\/v2\/users\/2"}],"replies":[{"embeddable":true,"href":"https:\/\/ra-domanski.de\/page\/wp-json\/wp\/v2\/comments?post=39524"}],"version-history":[{"count":0,"href":"https:\/\/ra-domanski.de\/page\/wp-json\/wp\/v2\/posts\/39524\/revisions"}],"wp:attachment":[{"href":"https:\/\/ra-domanski.de\/page\/wp-json\/wp\/v2\/media?parent=39524"}],"wp:term":[{"taxonomy":"category","embeddable":true,"href":"https:\/\/ra-domanski.de\/page\/wp-json\/wp\/v2\/categories?post=39524"},{"taxonomy":"post_tag","embeddable":true,"href":"https:\/\/ra-domanski.de\/page\/wp-json\/wp\/v2\/tags?post=39524"}],"curies":[{"name":"wp","href":"https:\/\/api.w.org\/{rel}","templated":true}]}}