{"id":37343,"date":"2022-03-02T13:38:55","date_gmt":"2022-03-02T11:38:55","guid":{"rendered":"https:\/\/ra-domanski.de\/page\/?p=37343"},"modified":"2022-03-03T10:58:21","modified_gmt":"2022-03-03T08:58:21","slug":"allgemeine-gleichbehandlung","status":"publish","type":"post","link":"https:\/\/ra-domanski.de\/page\/allgemeine-gleichbehandlung\/","title":{"rendered":"Allgemeine Gleichbehandlung"},"content":{"rendered":"<p>Ein Gastwirt wollte <a href=\"https:\/\/t1p.de\/y5nqw\" target=\"_blank\" rel=\"noopener\">ein Zeichen setzen<\/a>. In einer Zeit, wo sich alle beim virtue signalling gegenseitig \u00fcbertreffen wollen, ist dies nicht mehr ungew\u00f6hnlich.<\/p>\n<p>Der Fall erinnert mich nicht nur an <a href=\"https:\/\/t1p.de\/bowi4\" target=\"_blank\" rel=\"noopener\">\u00a7 21 AGG<\/a>, sondern auch an die gute alte Zeit, als im Vorabendprogramm in Form von Fernsehserien SPD-Propaganda gesendet wurde. Damals meinten Sozialwissenschaftler, sie k\u00f6nnten die Erwachsenen zu vorbildlichem Verhalten erziehen. Tja, das war wohl etwas naiv.<\/p>\n<p>&nbsp;<\/p>\n<p><iframe loading=\"lazy\" title=\"YouTube video player\" src=\"https:\/\/www.youtube.com\/embed\/YxVyNT38L3c?start=1103\" width=\"560\" height=\"315\" frameborder=\"0\" allowfullscreen=\"allowfullscreen\"><\/iframe><\/p>\n<p style=\"text-align: left; padding-left: 160px;\"><em>Quelle: TV-Klassiker auf Youtube<\/em><\/p>\n<p>&nbsp;<\/p>\n<p>P.S.: \u00c4hnliche Forderungen kommen \u00fcbrigens auch von Sportverb\u00e4nden.<\/p>\n<blockquote class=\"twitter-tweet\" data-width=\"550\" data-dnt=\"true\">\n<p lang=\"de\" dir=\"ltr\">Zu den Entscheidungen des FIDE Councils erkl\u00e4rt Ullrich Krause, Pr\u00e4sident des Deutschen Schachbundes:<br \/>&quot;Weltweite Sanktionen in allen gesellschaftlichen Feldern sind umso effektiver, je mehr Akteure sich daran beteiligen. <a href=\"https:\/\/t.co\/ZXo2JJKH0x\">pic.twitter.com\/ZXo2JJKH0x<\/a><\/p>\n<p>&mdash; Deutscher Schachbund (@Schachbund) <a href=\"https:\/\/twitter.com\/Schachbund\/status\/1498340891496484873?ref_src=twsrc%5Etfw\">February 28, 2022<\/a><\/p><\/blockquote>\n<p><script async src=\"https:\/\/platform.twitter.com\/widgets.js\" charset=\"utf-8\"><\/script><\/p>\n","protected":false},"excerpt":{"rendered":"<p>Ein Gastwirt wollte ein Zeichen setzen. In einer Zeit, wo sich alle beim virtue signalling gegenseitig \u00fcbertreffen wollen, ist dies nicht mehr ungew\u00f6hnlich. Der Fall erinnert mich nicht nur an \u00a7 21 AGG, sondern auch an die gute alte Zeit, als im Vorabendprogramm in Form von Fernsehserien SPD-Propaganda gesendet wurde. Damals meinten Sozialwissenschaftler, sie k\u00f6nnten<span class=\"excerpt-more\"> [&#8230;]<\/span><\/p>\n","protected":false},"author":2,"featured_media":0,"comment_status":"closed","ping_status":"open","sticky":false,"template":"","format":"standard","meta":{"slim_seo":{"description":"Ein Gastwirt wollte ein Zeichen setzen. In einer Zeit, wo sich alle beim virtue signalling gegenseitig \u00fcbertreffen wollen, ist dies nicht mehr ungew\u00f6hnlich.","title":"Allgemeine Gleichbehandlung - Rechtsanwalt Markus Domanski"},"footnotes":""},"categories":[5],"tags":[],"class_list":["post-37343","post","type-post","status-publish","format-standard","hentry","category-zivilrecht"],"_links":{"self":[{"href":"https:\/\/ra-domanski.de\/page\/wp-json\/wp\/v2\/posts\/37343","targetHints":{"allow":["GET"]}}],"collection":[{"href":"https:\/\/ra-domanski.de\/page\/wp-json\/wp\/v2\/posts"}],"about":[{"href":"https:\/\/ra-domanski.de\/page\/wp-json\/wp\/v2\/types\/post"}],"author":[{"embeddable":true,"href":"https:\/\/ra-domanski.de\/page\/wp-json\/wp\/v2\/users\/2"}],"replies":[{"embeddable":true,"href":"https:\/\/ra-domanski.de\/page\/wp-json\/wp\/v2\/comments?post=37343"}],"version-history":[{"count":0,"href":"https:\/\/ra-domanski.de\/page\/wp-json\/wp\/v2\/posts\/37343\/revisions"}],"wp:attachment":[{"href":"https:\/\/ra-domanski.de\/page\/wp-json\/wp\/v2\/media?parent=37343"}],"wp:term":[{"taxonomy":"category","embeddable":true,"href":"https:\/\/ra-domanski.de\/page\/wp-json\/wp\/v2\/categories?post=37343"},{"taxonomy":"post_tag","embeddable":true,"href":"https:\/\/ra-domanski.de\/page\/wp-json\/wp\/v2\/tags?post=37343"}],"curies":[{"name":"wp","href":"https:\/\/api.w.org\/{rel}","templated":true}]}}