{"id":36884,"date":"2022-02-22T14:02:25","date_gmt":"2022-02-22T12:02:25","guid":{"rendered":"https:\/\/ra-domanski.de\/page\/?p=36884"},"modified":"2022-02-23T09:15:12","modified_gmt":"2022-02-23T07:15:12","slug":"das-minsker-abkommen","status":"publish","type":"post","link":"https:\/\/ra-domanski.de\/page\/das-minsker-abkommen\/","title":{"rendered":"Das Minsker Abkommen"},"content":{"rendered":"<p style=\"text-align: justify;\">Die ehemalige alliierte Lizenpresse, allen voran die ZEIT, \u00fcbertrifft sich mal wieder von selbst. <a href=\"https:\/\/t1p.de\/mrwe\" target=\"_blank\" rel=\"noopener\">Nun soll auch noch das Minsker Abkommen in St\u00fccke gerissen worden sein<\/a>. Was mache ich als typische Durschnittsleser? Ich schaue in die Wikipedia, was sich hinter dem Begriff <a href=\"https:\/\/t1p.de\/d6w9l\" target=\"_blank\" rel=\"noopener\">Minsker Abkommen<\/a> verbirgt.<\/p>\n<p style=\"text-align: justify;\">Dort findet sich unter der Nr. 11 folgende Formulierung:<\/p>\n<p style=\"padding-left: 40px; text-align: justify;\">Durchf\u00fchrung einer Verfassungsreform in der Ukraine und Inkrafttreten einer neuen Verfassung bis Ende 2015. [Diese Verfassung muss] als Schl\u00fcsselelement eine Dezentralisierung (unter Ber\u00fccksichtigung der Besonderheiten einzelner Gebiete der Oblaste Donezk und Lugansk) aufweisen, die mit den Vertretern dieser Gebiete abgestimmt ist, ebenso die Verabschiedung eines st\u00e4ndigen Gesetzes \u00fcber den besonderen Status einzelner Gebiete der Oblaste Donezk und Lugansk in Entsprechung mit Ma\u00dfnahmen, die in den Anmerkungen aufgef\u00fchrt sind, bis zum Ende des Jahres 2015.<\/p>\n<p style=\"text-align: justify;\">Da schauen wir doch gleich mal nach, ob es bis Ende 2015 eine neue <a href=\"https:\/\/t1p.de\/vhga\" target=\"_blank\" rel=\"noopener\">ukrainische Verfassung<\/a> gab. Ich h\u00e4tte dies nat\u00fcrlich nicht geschrieben, <a href=\"https:\/\/t1p.de\/6dt4p\" target=\"_blank\" rel=\"noopener\">wenn dem so gewesen w\u00e4re<\/a>, denn dann w\u00e4re die Pointe ruiniert. Nat\u00fcrlich gab es sie nicht. Man m\u00f6chte stattdessen in die EU und die NATO aufgenommen werden.<\/p>\n<p style=\"text-align: justify;\">In Nr. 12 wird explizit die Selbstverwaltung der beiden Provinzen <a href=\"https:\/\/t1p.de\/0py5w\" target=\"_blank\" rel=\"noopener\">Luganz<\/a> und <a href=\"https:\/\/t1p.de\/j4yj\" target=\"_blank\" rel=\"noopener\">Donezk<\/a> erw\u00e4hnt, <a href=\"https:\/\/t1p.de\/dckw\" target=\"_blank\" rel=\"noopener\">deren Unabh\u00e4ngigkeit Moskau heute anerkannt hat<\/a>. Was hier von unserer &#8222;unabh\u00e4ngigen Presse&#8220; veranstaltet wird, zerst\u00f6rt die eigene Glaubw\u00fcrdigkeit und hilft der Gegenseite. Diese Propaganda ist untauglich.<\/p>\n<p>&nbsp;<\/p>\n<p>P.S.: Was <a href=\"https:\/\/t1p.de\/kkytv\" target=\"_blank\" rel=\"noopener\">Auslandssteuerung der Ukraine<\/a> anbetrifft, passt das so \u00e4hnlich \u00fcbrigens auch auf die <a href=\"https:\/\/t1p.de\/m7me\" target=\"_blank\" rel=\"noopener\">Bundesrepublik Deutschland<\/a>. Das beste Beispiel f\u00fcr die Auslandssteuerung der BRD ist, dass auf Befehl der USA nun endlich die <a href=\"https:\/\/t1p.de\/npt5\" rel=\"noopener\" target=\"_blank\">Gaspipeline auf Eis gelegt<\/a> wird. Unser Kanzler muss M\u00e4nnchen machen.<\/p>\n","protected":false},"excerpt":{"rendered":"<p>Die ehemalige alliierte Lizenpresse, allen voran die ZEIT, \u00fcbertrifft sich mal wieder von selbst. Nun soll auch noch das Minsker Abkommen in St\u00fccke gerissen worden sein. Was mache ich als typische Durschnittsleser? Ich schaue in die Wikipedia, was sich hinter dem Begriff Minsker Abkommen verbirgt. Dort findet sich unter der Nr. 11 folgende Formulierung: Durchf\u00fchrung<span class=\"excerpt-more\"> [&#8230;]<\/span><\/p>\n","protected":false},"author":2,"featured_media":0,"comment_status":"closed","ping_status":"open","sticky":false,"template":"","format":"standard","meta":{"slim_seo":{"description":"Ich schaue in die Wikipedia, was sich hinter dem Begriff Minsker Abkommen verbirgt.","title":"Das Minsker Abkommen - Rechtsanwalt Markus Domanski"},"footnotes":""},"categories":[138],"tags":[],"class_list":["post-36884","post","type-post","status-publish","format-standard","hentry","category-rechtsgeschichte"],"_links":{"self":[{"href":"https:\/\/ra-domanski.de\/page\/wp-json\/wp\/v2\/posts\/36884","targetHints":{"allow":["GET"]}}],"collection":[{"href":"https:\/\/ra-domanski.de\/page\/wp-json\/wp\/v2\/posts"}],"about":[{"href":"https:\/\/ra-domanski.de\/page\/wp-json\/wp\/v2\/types\/post"}],"author":[{"embeddable":true,"href":"https:\/\/ra-domanski.de\/page\/wp-json\/wp\/v2\/users\/2"}],"replies":[{"embeddable":true,"href":"https:\/\/ra-domanski.de\/page\/wp-json\/wp\/v2\/comments?post=36884"}],"version-history":[{"count":0,"href":"https:\/\/ra-domanski.de\/page\/wp-json\/wp\/v2\/posts\/36884\/revisions"}],"wp:attachment":[{"href":"https:\/\/ra-domanski.de\/page\/wp-json\/wp\/v2\/media?parent=36884"}],"wp:term":[{"taxonomy":"category","embeddable":true,"href":"https:\/\/ra-domanski.de\/page\/wp-json\/wp\/v2\/categories?post=36884"},{"taxonomy":"post_tag","embeddable":true,"href":"https:\/\/ra-domanski.de\/page\/wp-json\/wp\/v2\/tags?post=36884"}],"curies":[{"name":"wp","href":"https:\/\/api.w.org\/{rel}","templated":true}]}}