{"id":36844,"date":"2022-02-16T10:15:31","date_gmt":"2022-02-16T08:15:31","guid":{"rendered":"https:\/\/ra-domanski.de\/page\/?p=36844"},"modified":"2022-02-20T09:12:20","modified_gmt":"2022-02-20T07:12:20","slug":"aufklaerer-vor-gericht","status":"publish","type":"post","link":"https:\/\/ra-domanski.de\/page\/aufklaerer-vor-gericht\/","title":{"rendered":"&#8222;Aufkl\u00e4rer&#8220; vor Gericht"},"content":{"rendered":"<p style=\"text-align: justify;\">Manche Meldungen erinnern an Satire. Was die Journalisten der Tagesschau bisweilen von sich geben, <a href=\"https:\/\/t1p.de\/u5rid\" target=\"_blank\" rel=\"noopener\">ist mehr als bedenklich<\/a>, aber diesmal haben sie den Vogel abgeschossen. In dem <a href=\"https:\/\/t1p.de\/71yl\" target=\"_blank\" rel=\"noopener\">aktuellen Artikel<\/a> werden allein wegen der politischen Bewertung T\u00e4ter und Opfer vertauscht. Es hat einen Grund, warum hier der Angeklagte vor Gericht steht, und nicht das Opfer. Der Zweck heiligt nunmal nicht die Mittel, und ein <a href=\"https:\/\/t1p.de\/9bfu\" target=\"_blank\" rel=\"noopener\">Agent Provocateur<\/a> ist auch kein &#8222;Aufkl\u00e4rer&#8220;.<\/p>\n<p style=\"text-align: justify;\">Im \u00dcbrigen sei an dieser Stelle darauf hingewiesen, dass das gesamte Video mittlerweile <a href=\"https:\/\/t1p.de\/i9e8\" target=\"_blank\" rel=\"noopener\">weitgehend ungeschnitten im Netz<\/a> zu sehen ist. Dabei kam das heraus, was man sich bereits denken konnte. Das Opfer, das sich offenkundig nicht mit Ruhm bekleckerte, zeigte sich zwar f\u00fcr einiges offen, lehnte jedoch rechtswidrige Machenschaften pauschal ab. Dass es in einem sp\u00e4teren Verfahren zu einer <a href=\"https:\/\/t1p.de\/5nft4\" target=\"_blank\" rel=\"noopener\">Verurteilung wegen Korruptionsdelikten<\/a> kam, wurde zwar von der <a href=\"https:\/\/t1p.de\/x6z3\" target=\"_blank\" rel=\"noopener\">Tagesschau<\/a> mit der Ibiza-Aff\u00e4re in Zusammenhang gebracht, es handelte sich jedoch bei der Geschichte mit den Privatkliniken um eine andere Tat. Es scheint sich damit ein Muster zu best\u00e4tigen, dass jedoch objektiv nicht vorlag. Auf Korfu gab es strafrechtlich relevante Korruption, auf Ibiza jedoch nicht.<\/p>\n<p style=\"text-align: justify;\">Der Sache nach haben wir es bei den Parteispenden des Klinik-Betreibers mit einer Parallele zur <a href=\"https:\/\/t1p.de\/aa8n\" target=\"_blank\" rel=\"noopener\">Flick-Aff\u00e4re<\/a> zu tun. Damals ist Wirtschaftsminister Otto von Lambsdorff zur\u00fccktreten. Im nachfolgenden <a href=\"https:\/\/t1p.de\/n6hm8\" target=\"_blank\" rel=\"noopener\">Strafverfahren<\/a> wurde er wegen Steuerhinterziehung zu einer Geldstrafe verurteilt, jedoch bez\u00fcglich des Vorwurfs der Bestechlichkeit aus Mangel an Beweisen freigesprochen. Das ist ungew\u00f6hnlich, denn wenn ein Er\u00f6ffnungsbeschluss ergeht, bringt das Gericht zum Ausdruck, dass es auf Basis der Aktenlage eine Verurteilung f\u00fcr wahrscheinlich h\u00e4lt. Offenbar hat man die Beweise sp\u00e4ter anders gew\u00fcrdigt.<\/p>\n","protected":false},"excerpt":{"rendered":"<p>Manche Meldungen erinnern an Satire. Was die Journalisten der Tagesschau bisweilen von sich geben, ist mehr als bedenklich, aber diesmal haben sie den Vogel abgeschossen. In dem aktuellen Artikel werden allein wegen der politischen Bewertung T\u00e4ter und Opfer vertauscht. Es hat einen Grund, warum hier der Angeklagte vor Gericht steht, und nicht das Opfer. Der<span class=\"excerpt-more\"> [&#8230;]<\/span><\/p>\n","protected":false},"author":2,"featured_media":0,"comment_status":"closed","ping_status":"open","sticky":false,"template":"","format":"standard","meta":{"slim_seo":{"description":"In dem aktuellen Artikel werden allein wegen der politischen Bewertung T\u00e4ter und Opfer vertauscht.","title":"\"Aufkl\u00e4rer\" vor Gericht - Rechtsanwalt Markus Domanski"},"footnotes":""},"categories":[7],"tags":[],"class_list":["post-36844","post","type-post","status-publish","format-standard","hentry","category-strafrecht"],"_links":{"self":[{"href":"https:\/\/ra-domanski.de\/page\/wp-json\/wp\/v2\/posts\/36844","targetHints":{"allow":["GET"]}}],"collection":[{"href":"https:\/\/ra-domanski.de\/page\/wp-json\/wp\/v2\/posts"}],"about":[{"href":"https:\/\/ra-domanski.de\/page\/wp-json\/wp\/v2\/types\/post"}],"author":[{"embeddable":true,"href":"https:\/\/ra-domanski.de\/page\/wp-json\/wp\/v2\/users\/2"}],"replies":[{"embeddable":true,"href":"https:\/\/ra-domanski.de\/page\/wp-json\/wp\/v2\/comments?post=36844"}],"version-history":[{"count":0,"href":"https:\/\/ra-domanski.de\/page\/wp-json\/wp\/v2\/posts\/36844\/revisions"}],"wp:attachment":[{"href":"https:\/\/ra-domanski.de\/page\/wp-json\/wp\/v2\/media?parent=36844"}],"wp:term":[{"taxonomy":"category","embeddable":true,"href":"https:\/\/ra-domanski.de\/page\/wp-json\/wp\/v2\/categories?post=36844"},{"taxonomy":"post_tag","embeddable":true,"href":"https:\/\/ra-domanski.de\/page\/wp-json\/wp\/v2\/tags?post=36844"}],"curies":[{"name":"wp","href":"https:\/\/api.w.org\/{rel}","templated":true}]}}