{"id":36740,"date":"2022-02-13T10:27:50","date_gmt":"2022-02-13T08:27:50","guid":{"rendered":"https:\/\/ra-domanski.de\/page\/?p=36740"},"modified":"2022-02-14T09:31:02","modified_gmt":"2022-02-14T07:31:02","slug":"sie-duerfen-den-bundespraesidenten-waehlen","status":"publish","type":"post","link":"https:\/\/ra-domanski.de\/page\/sie-duerfen-den-bundespraesidenten-waehlen\/","title":{"rendered":"Sie d\u00fcrfen den Bundespr\u00e4sidenten w\u00e4hlen"},"content":{"rendered":"<p style=\"text-align: justify;\">In der BILD-Zeitung gibt es heute einen <a href=\"https:\/\/t1p.de\/ep0y\" target=\"_blank\" rel=\"noopener\">bemerkenswerten Artikel<\/a>: Vorgestellt werden einige B\u00fcrgerinnen, die den Bundespr\u00e4sidenten &#8222;w\u00e4hlen d\u00fcrfen&#8220;. Dabei stellt sich jedoch die Frage: Warum d\u00fcrfen diese netten Damen <a href=\"https:\/\/t1p.de\/mp2o\" target=\"_blank\" rel=\"noopener\">Steinmeier<\/a> w\u00e4hlen, und warum d\u00fcrfen Sie und ich das nicht? Sind wir zu dumm?<\/p>\n<p style=\"text-align: justify;\">Die Antwort geht zur\u00fcck bis in die Weimarer Republik. Dort durfte der Reichspr\u00e4sident n\u00e4mlich noch vom Volk gew\u00e4hlt werden. Wer wurde 1925 vom deutschen Volk ins Amt gew\u00e4hlt? Ein Verschw\u00f6rungstheoretiker! Paul von Hindenburg, der ehemalige Oberkommandant des Deutschen Heeres, hatte vor <a href=\"https:\/\/t1p.de\/jm6cr\" target=\"_blank\" rel=\"noopener\">Untersuchungsausschuss der Weimarer Nationalversammlung<\/a> zum Ersten Weltkrieg <strong>unter Eid<\/strong> die &#8222;<a href=\"https:\/\/t1p.de\/njfh\" target=\"_blank\" rel=\"noopener\">Dolchsto\u00dflegende<\/a>&#8220; vertreten. Dass er nach dieser bodenlosen Unversch\u00e4mtheit dennoch nicht wegen Meineids angeklagt wurde, erkl\u00e4rt sich unter anderem aus dem Urteil im sog. &#8222;<a href=\"https:\/\/t1p.de\/y6af\" target=\"_blank\" rel=\"noopener\">Magdeburger Prozess<\/a>&#8222;.<\/p>\n<p style=\"padding-left: 40px; text-align: justify;\">Exkurs: Wenn man einen todkranken Menschen t\u00f6tet, der nachweislich eine Sekunde sp\u00e4ter an seinem Leiden erlegen w\u00e4re, dann ist das strafrechtlich mindestens ein Totschlag, ggf. sogar Mord. Mit Einwilligung des Opfers kann es nat\u00fcrlich auch <a href=\"https:\/\/t1p.de\/ht2m\" target=\"_blank\" rel=\"noopener\">T\u00f6tung auf Verlangen<\/a> sein. Dass das Opfer ohnehin gestorben w\u00e4re, ist dabei vollkommen unbeachtlich.<\/p>\n<p style=\"text-align: justify;\">Die &#8222;Dolchsto\u00dflegende&#8220; basiert auf den <a href=\"https:\/\/t1p.de\/ajvj\" target=\"_blank\" rel=\"noopener\">Vorg\u00e4ngen im Vorfeld<\/a> des <a href=\"https:\/\/t1p.de\/ogja\" target=\"_blank\" rel=\"noopener\">Waffenstillstands von Compiegne<\/a>. Die Vertreter dieser &#8222;Legende&#8220; muss man nat\u00fcrlich aus ihrer Zeit heraus verstehen. Ihnen allen war das sog. &#8222;<a href=\"https:\/\/t1p.de\/k7gr\" target=\"_blank\" rel=\"noopener\">Mirakel von Brandenburg<\/a>&#8220; im Geschichtsunterricht vermittelt worden, als Beweis f\u00fcr die These, dass es selbst in aussichtsloger Lage immer noch eine gl\u00fcckliche Rettung geben k\u00f6nne. Diese unwahrscheinliche Restchance wird abgeschnitten, wenn man den Kausalverlauf vorzeitig unterbricht. Das ist auch die Logik, die Hitler bis zuletzt zum <a href=\"https:\/\/t1p.de\/40cv\" target=\"_blank\" rel=\"noopener\">Durchhalten<\/a> bewogen hat. Erst als klar war, dass Roosevelts Tod nicht die lange erhoffte Spaltung der Allierten bewirkte, \u00fcbernahm er die Verantwortung f\u00fcr sein Scheitern und sich selbst das Leben. Was bei dieser Denkweise nat\u00fcrlich vollkommen ausgeblendet wird, sind die h\u00f6chstwahrscheinlich sinnlosen Opfer, die in der Zwischenzeit gebracht werden m\u00fcssen.<\/p>\n<p style=\"text-align: justify;\">Lange Rede, kurzer Sinn: Das deutsche Volk darf seit 1945 keine direkten politischen Entscheidungen mehr treffen. Es gibt im Grundgesetz weder das Recht zur Wahl des Bundespr\u00e4sidenten, noch einen Volksentscheid auf Bundesebene. Die Gr\u00fcnde daf\u00fcr sind bekanntlich &#8222;gute Gr\u00fcnde&#8220;. Die Gr\u00fcnde f\u00fcr diese &#8222;guten Gr\u00fcnde&#8220; habe ich hier hoffentlich ausreichend erl\u00e4utert. Der Bundespr\u00e4sident ist im Gegensatz zum Reichspr\u00e4sidenten der Weimarer Republik ein schwacher Pr\u00e4sident. Seine <a href=\"https:\/\/t1p.de\/dtn7x\" target=\"_blank\" rel=\"noopener\">au\u00dfenpolitischen \u00c4u\u00dferungen<\/a> muss er vom <a href=\"https:\/\/t1p.de\/5s1v\" target=\"_blank\" rel=\"noopener\">Bundeskanzler<\/a> gegenzeichnen lassen. Dasselbe gilt gem. <a href=\"https:\/\/t1p.de\/sdvj8\" target=\"_blank\" rel=\"noopener\">Art. 58 GG<\/a> grunds\u00e4tzlich auch f\u00fcr seine Anordnungen und Verf\u00fcgungen. Wie eine bestimmte Person bei dieser Aufgabe &#8222;<a href=\"https:\/\/t1p.de\/vtv6\" target=\"_blank\" rel=\"noopener\">herausragen<\/a>&#8220; soll, ist f\u00fcr mich unklar.<\/p>\n","protected":false},"excerpt":{"rendered":"<p>In der BILD-Zeitung gibt es heute einen bemerkenswerten Artikel: Vorgestellt werden einige B\u00fcrgerinnen, die den Bundespr\u00e4sidenten &#8222;w\u00e4hlen d\u00fcrfen&#8220;. Dabei stellt sich jedoch die Frage: Warum d\u00fcrfen diese netten Damen Steinmeier w\u00e4hlen, und warum d\u00fcrfen Sie und ich das nicht? Sind wir zu dumm? Die Antwort geht zur\u00fcck bis in die Weimarer Republik. Dort durfte der<span class=\"excerpt-more\"> [&#8230;]<\/span><\/p>\n","protected":false},"author":2,"featured_media":0,"comment_status":"closed","ping_status":"open","sticky":false,"template":"","format":"standard","meta":{"slim_seo":{"description":"Warum d\u00fcrfen diese netten Damen Steinmeier w\u00e4hlen, und warum d\u00fcrfen Sie und ich das nicht? Sind wir zu dumm?","title":"Sie d\u00fcrfen den Bundespr\u00e4sidenten w\u00e4hlen - Rechtsanwalt Markus Domanski"},"footnotes":""},"categories":[138,944],"tags":[],"class_list":["post-36740","post","type-post","status-publish","format-standard","hentry","category-rechtsgeschichte","category-verfassungsrecht"],"_links":{"self":[{"href":"https:\/\/ra-domanski.de\/page\/wp-json\/wp\/v2\/posts\/36740","targetHints":{"allow":["GET"]}}],"collection":[{"href":"https:\/\/ra-domanski.de\/page\/wp-json\/wp\/v2\/posts"}],"about":[{"href":"https:\/\/ra-domanski.de\/page\/wp-json\/wp\/v2\/types\/post"}],"author":[{"embeddable":true,"href":"https:\/\/ra-domanski.de\/page\/wp-json\/wp\/v2\/users\/2"}],"replies":[{"embeddable":true,"href":"https:\/\/ra-domanski.de\/page\/wp-json\/wp\/v2\/comments?post=36740"}],"version-history":[{"count":0,"href":"https:\/\/ra-domanski.de\/page\/wp-json\/wp\/v2\/posts\/36740\/revisions"}],"wp:attachment":[{"href":"https:\/\/ra-domanski.de\/page\/wp-json\/wp\/v2\/media?parent=36740"}],"wp:term":[{"taxonomy":"category","embeddable":true,"href":"https:\/\/ra-domanski.de\/page\/wp-json\/wp\/v2\/categories?post=36740"},{"taxonomy":"post_tag","embeddable":true,"href":"https:\/\/ra-domanski.de\/page\/wp-json\/wp\/v2\/tags?post=36740"}],"curies":[{"name":"wp","href":"https:\/\/api.w.org\/{rel}","templated":true}]}}