{"id":36369,"date":"2022-01-26T09:00:21","date_gmt":"2022-01-26T07:00:21","guid":{"rendered":"https:\/\/ra-domanski.de\/page\/?p=36369"},"modified":"2022-02-06T13:33:32","modified_gmt":"2022-02-06T11:33:32","slug":"faktencheck-vom-volksverpetzer","status":"publish","type":"post","link":"https:\/\/ra-domanski.de\/page\/faktencheck-vom-volksverpetzer\/","title":{"rendered":"Faktencheck vom &#8222;Volksverpetzer&#8220;"},"content":{"rendered":"<p style=\"text-align: justify;\">Die linke Zivilgesellschaft der Merkel-\u00c4ra erschuf viele sonderbare Bl\u00fcten. Eine dieser Bl\u00fctzen ist der spendenfinanzierte Blog &#8222;Volksverpetzer&#8220;, hinter dem sich neben dem Frontmann offenbar ein ganzes Rechercheteam verbirgt. Was dort in der Sache stattfindet, ist de facto eine Unterst\u00fctzung der Regierungspolitik. Dazu bedient man sich neben Erkenntnissen, die stark an den Verfassungsschutzes erinnern, gerne des Instituts des Faktencheckens, also im Kern dem Entkr\u00e4ften von Strohmannargumenten. Im neusten Beitrag geht es darum, ob die Nationalsozialisten wahre <del datetime=\"2022-01-26T05:48:36+00:00\"><a href=\"https:\/\/t1p.de\/pll5\" target=\"_blank\" rel=\"noopener\">Schotten<\/a><\/del> Sozialisten waren.<\/p>\n<p>&nbsp;<\/p>\n<blockquote class=\"twitter-tweet\" data-width=\"550\" data-dnt=\"true\">\n<p lang=\"de\" dir=\"ltr\">Aus aktuellem Anlass, hier haben wir vor einiger Zeit erkl\u00e4rt, warum die Nazis nicht &quot;links&quot; (und keine <a href=\"https:\/\/twitter.com\/hashtag\/Sozialisten?src=hash&amp;ref_src=twsrc%5Etfw\">#Sozialisten<\/a>) waren \ud83d\ude09 <a href=\"https:\/\/t.co\/WS9UwOzrq7\">https:\/\/t.co\/WS9UwOzrq7<\/a> <a href=\"https:\/\/twitter.com\/hashtag\/Doblerin?src=hash&amp;ref_src=twsrc%5Etfw\">#Doblerin<\/a><\/p>\n<p>&mdash; Volksverpetzer (@Volksverpetzer) <a href=\"https:\/\/twitter.com\/Volksverpetzer\/status\/1485974385597030402?ref_src=twsrc%5Etfw\">January 25, 2022<\/a><\/p><\/blockquote>\n<p><script async src=\"https:\/\/platform.twitter.com\/widgets.js\" charset=\"utf-8\"><\/script><\/p>\n<p>&nbsp;<\/p>\n<p style=\"text-align: justify;\">Nat\u00fcrlich spielt bei der Einordnung die Deutung der Begriffe Links und Rechts die entscheidende Rolle. Wer im Parlament zuf\u00e4llig auf welcher Seite sitzt, sagt jedoch nichts \u00fcber seine konkrete Ideologie aus. Die Begriffe Links und Rechts stehen im Kern f\u00fcr die beiden Extrempole Altruismus und Egoismus. In einer Gesellschaft wird der Altruismus durch das <a href=\"https:\/\/t1p.de\/3rht\" target=\"_blank\" rel=\"noopener\">Kollektiv<\/a> repr\u00e4sentiert, der Egoismus durch das Individuum. F\u00fcr Radikale gibt es keine goldene Mitte.<\/p>\n<p style=\"text-align: justify;\">Um den Nationalsozialismus konzeptionell zu verstehen, muss man jedoch auch noch zwischen Innenverh\u00e4ltnis und Au\u00dfenverh\u00e4ltnis unterscheiden. Der Nationalsozialismus ist n\u00e4mlich ein Zwitter. Im Innenverh\u00e4ltnis predigte er die sog. &#8222;Volksgemeinschaft&#8220; und damit den Kollektivismus. Im Au\u00dfenverh\u00e4ltnis predigte er die v\u00f6llige Souver\u00e4nit\u00e4t Deutschlands und damit den Invidualismus. Hitler hat damals nicht ohne Grund sofort den <a href=\"https:\/\/t1p.de\/oa8jg\" target=\"_blank\" rel=\"noopener\">V\u00f6lkerbund verlassen<\/a>.<\/p>\n<p style=\"text-align: justify;\">Was den Kollektivismus des Nationalsozialismus anbetrifft, so unterscheidet er sich nur marginal vom <a href=\"https:\/\/t1p.de\/ht6c\" target=\"_blank\" rel=\"noopener\">Kollektivismus unter Stalin<\/a> und auch nur marginal vom <a href=\"https:\/\/t1p.de\/nik8\" target=\"_blank\" rel=\"noopener\">Kollektivismus der DDR<\/a>. Der entscheidene Unterschied war das aus dem germanischen Recht stammende &#8222;<a href=\"https:\/\/t1p.de\/ozr7x\" target=\"_blank\" rel=\"noopener\">F\u00fchrerprinzip<\/a>&#8222;, d.h. eine Abkehr von der Ergebnisgleichheit hin zur Hierarchie. Im Gegensatz zum Kommunismus erkennt der Nationalsozialismus Eliten und die statistische Normalverteilung an.<\/p>\n<p style=\"text-align: justify;\">Der Grund, warum der Nationalsozialismus aus heutiger Sicht, abgesehen von der Rechtslage, konzeptionell keinen Sinn mehr macht, liegt darin, dass er sich zeitlich \u00fcberholt hat. Das Ziel der nationalsozialistischen Bewegung der 20er Jahre des letzten Jahrhunderts bestand darin, das deutsche Volk von der Knechtschaft des &#8222;<a href=\"https:\/\/t1p.de\/c9ua\" target=\"_blank\" rel=\"noopener\">Versailler Diktats<\/a>&#8220; zu befreien. Dazu sollte die Regierung der &#8222;<a href=\"https:\/\/t1p.de\/nsk4q\" target=\"_blank\" rel=\"noopener\">Novemberverbrecher<\/a>&#8220; abgesetzt und deren &#8222;<a href=\"https:\/\/t1p.de\/ggh2\" target=\"_blank\" rel=\"noopener\">Erf\u00fcllungspolitik<\/a>&#8220; beendet werden. Man muss sich klar machen, dass fast die gesamte deutsche Bev\u00f6lkerung im Kaiserreich, einer in allen Bereichen f\u00fchrenden Weltmacht, aufgewachsen war, und mehr als elf Millionen M\u00e4nner noch selbst aktiv f\u00fcr dieses Kaiserreich an der Front gek\u00e4mpft und ihr Leben riskiert hatten. F\u00fcr diese Menschen war der Niedergang ihres Vaterlandes als Folge des 1. Weltkriegs, der in der <a href=\"https:\/\/t1p.de\/pfuz\" target=\"_blank\" rel=\"noopener\">Besetzung des Rheinlands<\/a> gipfelte, absolut unertr\u00e4glich. Sie wollten den Vorkriegszustand wiederherstellen und f\u00fcr die Zukunft verhindern, dass es jemals wieder zu einer solchen Katastrophe kommen kann.<\/p>\n<p style=\"text-align: justify;\">Das alles ist heute jedoch nicht mehr zeitgem\u00e4\u00df. Deutschland hat sich mit seiner Rolle als <a href=\"https:\/\/t1p.de\/ye8c\" target=\"_blank\" rel=\"noopener\">zweitklassiger Mittelmacht<\/a> abgefunden. Niemand erinnert sich an die gro\u00dfen Zeiten des Kaiserreichs zur\u00fcck, niemand hat jemals an einer Front gek\u00e4mpft, und wenn doch, dann als Hilfstruppen der Amerikaner und <a href=\"https:\/\/t1p.de\/kq4e\" target=\"_blank\" rel=\"noopener\">nicht zur Verteidigung seines Vaterlandes<\/a>. Es gibt keinen Versailler Vertrag, das Rheinland ist unbesetzt und eine linke Revolution droht auch nicht mehr. Die einstigen Ziele, mit denen sich damals noch der weit \u00fcberwiegende Teil der Bev\u00f6lkerung identifizieren konnte, sind mittlerweile allesamt weggefallen.<\/p>\n<p style=\"text-align: justify;\">Die heutigen Probleme Deutschlands sehen anders aus. Die \u00c4lteren erinnern sich noch an die sog. &#8222;<a href=\"https:\/\/t1p.de\/ss9g\" target=\"_blank\" rel=\"noopener\">Bonner Republik<\/a>&#8222;, als die Welt noch in Ordnung zu sein schien. Deutschland ist heute durch den <a href=\"https:\/\/t1p.de\/rcrn\" target=\"_blank\" rel=\"noopener\">Vertag von Maastricht<\/a> gebunden und Mitglied in den Vereinten Nationen, der Nachfolgeorganisation des V\u00f6lkerbundes. Eine linke Revolution ist nicht mehr n\u00f6tig, weil die <a href=\"https:\/\/t1p.de\/0uhv\" target=\"_blank\" rel=\"noopener\">Marxisten<\/a> bereits an der Macht sind. Damit weist die heutige konservative Bewegung zwar scheinbar eine gewisse \u00c4hnlichkeit zum Nationalsozialismus auf, im Kern geht es jedoch um etwas ganz anderes, n\u00e4mlich um die Wiederherstellung der Bonner Republik, insbesondere um die R\u00fcckkehr zum damaligen Verfassungsverst\u00e4ndnis. Die Anh\u00e4nger der alten Bundesrepublik sind <a href=\"https:\/\/t1p.de\/lun9\" target=\"_blank\" rel=\"noopener\">keine Nazis<\/a>.<\/p>\n<p style=\"text-align: justify;\">Das hei\u00dft nat\u00fcrlich nicht, dass es in der heutigen <a href=\"https:\/\/t1p.de\/62o02\" target=\"_blank\" rel=\"noopener\">konservativen Bewegung<\/a> keinerlei Nazis gibt. Selbstverst\u00e4ndlich ist sie ein starker Magnet f\u00fcr alle, die glauben, dass &#8222;fr\u00fcher&#8220; alles besser war, inklusive echter Nazis und solcher, <a href=\"https:\/\/t1p.de\/tew0\" target=\"_blank\" rel=\"noopener\">die sich als Nazis ausgeben<\/a>, um alles Konservative pauschal zu diskreditieren.<\/p>\n<p>&nbsp;<\/p>\n<p style=\"text-align: justify;\">Nachtrag (27.01.2022): Nachdem es wegen der behaupteten \u00c4hnlichkeit sogar zu der <a href=\"https:\/\/t1p.de\/5yzn\" target=\"_blank\" rel=\"noopener\">K\u00fcndigung einer Journalistin<\/a> gekommen ist, m\u00f6chte ich Franklin D. Roosevelt anf\u00fchren, der sich in einem seiner ber\u00fchmten Kamingespr\u00e4che zu dem Streit \u00fcber die korrekte Bezeichnung ge\u00e4u\u00dfert hat. In den 30er Jahren des letzten Jahrhunderts gab es <a href=\"https:\/\/t1p.de\/n2gv\" target=\"_blank\" rel=\"noopener\">viele Bezeichnungen f\u00fcr dieselben Konzepte<\/a>. Wie man es nennt, ist jedoch v\u00f6llig egal, denn im Kern ist es Kollektivismus.<\/p>\n<p>&nbsp;<\/p>\n<div style=\"width: 480px;\" class=\"wp-video\"><video class=\"wp-video-shortcode\" id=\"video-36369-1\" width=\"480\" height=\"360\" preload=\"metadata\" controls=\"controls\"><source type=\"video\/mp4\" src=\"https:\/\/ra-domanski.de\/page\/wp-content\/uploads\/2022\/01\/Fireside-Chat-5.mp4?_=1\" \/><a href=\"https:\/\/ra-domanski.de\/page\/wp-content\/uploads\/2022\/01\/Fireside-Chat-5.mp4\">https:\/\/ra-domanski.de\/page\/wp-content\/uploads\/2022\/01\/Fireside-Chat-5.mp4<\/a><\/video><\/div>\n<p style=\"padding-left: 120px;\"><em>Quelle: FDR &#8211; Fireside Chat No. 5<\/em><\/p>\n<p>&nbsp;<\/p>\n","protected":false},"excerpt":{"rendered":"<p>Die linke Zivilgesellschaft der Merkel-\u00c4ra erschuf viele sonderbare Bl\u00fcten. Eine dieser Bl\u00fctzen ist der spendenfinanzierte Blog &#8222;Volksverpetzer&#8220;, hinter dem sich neben dem Frontmann offenbar ein ganzes Rechercheteam verbirgt. Was dort in der Sache stattfindet, ist de facto eine Unterst\u00fctzung der Regierungspolitik. Dazu bedient man sich neben Erkenntnissen, die stark an den Verfassungsschutzes erinnern, gerne des<span class=\"excerpt-more\"> [&#8230;]<\/span><\/p>\n","protected":false},"author":2,"featured_media":0,"comment_status":"closed","ping_status":"open","sticky":false,"template":"","format":"standard","meta":{"slim_seo":{"description":"Links und Rechts stehen f\u00fcr Altruismus und Egoismus. In einer Gesellschaft wird Altruismus durch das Kollektiv repr\u00e4sentiert, Egoismus durch das Individuum.","title":"Faktencheck vom \"Volksverpetzer\" - Rechtsanwalt Markus Domanski"},"footnotes":""},"categories":[138,11],"tags":[],"class_list":["post-36369","post","type-post","status-publish","format-standard","hentry","category-rechtsgeschichte","category-sonstiges"],"_links":{"self":[{"href":"https:\/\/ra-domanski.de\/page\/wp-json\/wp\/v2\/posts\/36369","targetHints":{"allow":["GET"]}}],"collection":[{"href":"https:\/\/ra-domanski.de\/page\/wp-json\/wp\/v2\/posts"}],"about":[{"href":"https:\/\/ra-domanski.de\/page\/wp-json\/wp\/v2\/types\/post"}],"author":[{"embeddable":true,"href":"https:\/\/ra-domanski.de\/page\/wp-json\/wp\/v2\/users\/2"}],"replies":[{"embeddable":true,"href":"https:\/\/ra-domanski.de\/page\/wp-json\/wp\/v2\/comments?post=36369"}],"version-history":[{"count":0,"href":"https:\/\/ra-domanski.de\/page\/wp-json\/wp\/v2\/posts\/36369\/revisions"}],"wp:attachment":[{"href":"https:\/\/ra-domanski.de\/page\/wp-json\/wp\/v2\/media?parent=36369"}],"wp:term":[{"taxonomy":"category","embeddable":true,"href":"https:\/\/ra-domanski.de\/page\/wp-json\/wp\/v2\/categories?post=36369"},{"taxonomy":"post_tag","embeddable":true,"href":"https:\/\/ra-domanski.de\/page\/wp-json\/wp\/v2\/tags?post=36369"}],"curies":[{"name":"wp","href":"https:\/\/api.w.org\/{rel}","templated":true}]}}