{"id":36246,"date":"2022-01-17T09:37:12","date_gmt":"2022-01-17T07:37:12","guid":{"rendered":"https:\/\/ra-domanski.de\/page\/?p=36246"},"modified":"2022-01-26T09:00:48","modified_gmt":"2022-01-26T07:00:48","slug":"fraeulein-miss-mademoiselle","status":"publish","type":"post","link":"https:\/\/ra-domanski.de\/page\/fraeulein-miss-mademoiselle\/","title":{"rendered":"Fr\u00e4ulein, Miss, Mademoiselle"},"content":{"rendered":"<p style=\"text-align: justify;\">Vor 50 Jahren hat Bundesinnenminister Genscher par odre du mufti (Erlass) die Abschaffung des Begriffs &#8222;Fr\u00e4ulein&#8220; in den Beh\u00f6rden befohlen. <a href=\"https:\/\/t1p.de\/i7xb\" target=\"_blank\" rel=\"noopener\">Die gesamte deutsche Qualit\u00e4tspresse ist sich einig<\/a>: Das war ein gro\u00dfe Tag f\u00fcr die Gleichstellung der Frau. Zuvor wurden unverheiratete junge Frauen in Deutschland als &#8222;<a href=\"https:\/\/t1p.de\/tek0\" target=\"_blank\" rel=\"noopener\">Freiwild markiert<\/a>&#8222;, laut n-tv wurden sie sogar &#8222;<a href=\"https:\/\/t1p.de\/rioga\" target=\"_blank\" rel=\"noopener\">infantilisiert<\/a>&#8222;. Mein Gott, war das damals alles schlimm, k\u00f6nnte man meinen.<\/p>\n<p style=\"text-align: justify;\">Doch wie sieht es mit der Geschichte dieses uns\u00e4glichen Begriffs wirklich aus?<\/p>\n<p style=\"text-align: justify;\">&#8222;Fr\u00e4ulein&#8220; war eine <a href=\"https:\/\/t1p.de\/zgct\" target=\"_blank\" rel=\"noopener\">H\u00f6flichkeitsform<\/a> (engl. honorific), wie es sie im <a href=\"https:\/\/t1p.de\/xh4p\" target=\"_blank\" rel=\"noopener\">Englischen<\/a> und <a href=\"https:\/\/t1p.de\/z38ds\" target=\"_blank\" rel=\"noopener\">Franz\u00f6sischen<\/a> auch gibt bzw. gab. Die &#8222;Fr\u00e4uleins&#8220; f\u00fchlten sich damals durch diese Anrede weder beleidigt, noch als Freiwild gekennzeichnet, oder gar infantilisiert, sondern respektvoll behandelt. Nat\u00fcrlich gab es auch mal peinliche Momente, wenn sich z.B. die Frage stellte, wie man eine \u00e4ltere unverheiratete Dame anzusprechen hatte. Es war jedoch kein dringendes gesellschaftliches Problem. Niemand, mit Ausnahme der \u00fcblichen 1%, die immer alles ablehnen, hatte mit dem &#8222;Fr\u00e4ulein&#8220; auch nur das geringste Problem.<\/p>\n<p style=\"text-align: justify;\">Das alles fand sein Ende im Oktober 1971, als in den USA im Repr\u00e4sentenatenhaus das <a href=\"https:\/\/t1p.de\/wjwnc\" target=\"_blank\" rel=\"noopener\">Equal Rights Ammendment<\/a> beschlossen wurde. Im Januar 1972 kam dann die ber\u00fchmte <a href=\"https:\/\/t1p.de\/ybps2\" target=\"_blank\" rel=\"noopener\">Zeitschrift &#8222;Ms.&#8220;<\/a> auf den Markt und im Februar wurde der <a href=\"https:\/\/t1p.de\/mrxz\" target=\"_blank\" rel=\"noopener\">neutrale Begriff &#8222;Ms.&#8220;<\/a> im amerikanischen Postwesen eingef\u00fchrt. Genau in diesen Zeitraum fiel &#8211; nat\u00fcrlich nur rein zuf\u00e4llig &#8211; das mutige Vorpreschen des FDP-Helden Hans-Dietrich Genscher, <a href=\"https:\/\/t1p.de\/dj1i\" target=\"_blank\" rel=\"noopener\">ohne Parlamentsbeschluss<\/a> eine wesentliche Ver\u00e4nderung im deutschen Beh\u00f6rdenwesen vorzunehmen und damit die deutsche Gesellschaft ohne Abstimmung nachhaltig zu beeinflussen.<\/p>\n<p>&nbsp;<\/p>\n<blockquote class=\"twitter-tweet\" data-width=\"550\" data-dnt=\"true\">\n<p lang=\"de\" dir=\"ltr\">Vor 50 Jahren verschwand \u201eFr\u00e4ulein\u201c offiziell aus dem westdeutschen Amtsgebrauch (Genscher sei Dank). Die <a href=\"https:\/\/twitter.com\/maz_online?ref_src=twsrc%5Etfw\">@maz_online<\/a> berichtet heute dar\u00fcber. Und: dass es eines Erlasses in der DDR daf\u00fcr nicht bedurfte. <a href=\"https:\/\/t.co\/pTbEyH109o\">pic.twitter.com\/pTbEyH109o<\/a><\/p>\n<p>&mdash; Friedrich-Naumann-Stiftung f\u00fcr die Freiheit (@FNFreiheit) <a href=\"https:\/\/twitter.com\/FNFreiheit\/status\/1482299293398704134?ref_src=twsrc%5Etfw\">January 15, 2022<\/a><\/p><\/blockquote>\n<p><script async src=\"https:\/\/platform.twitter.com\/widgets.js\" charset=\"utf-8\"><\/script><\/p>\n<p>&nbsp;<\/p>\n<p style=\"text-align: justify;\">In Frankreich, das als Siegermacht des 2. Weltkriegs nicht jeden Bl\u00f6dsinn mitmachen muss, der den US-Demokraten und ihren Vorfeldaktivisten einf\u00e4llt, zeigte man sich von alledem unbeeindruckt, bis man letztlich im Jahre 2012 auf Druck von &#8222;Aktivistinnen&#8220; doch noch umgefallen ist. Seither werden junge unverheiratete Damen in der Grande Nation entsprechend dem postmodernen linken Zeitgeist genauso respektlos behandelt, wie \u00fcberall sonstwo auch.<\/p>\n","protected":false},"excerpt":{"rendered":"<p>Vor 50 Jahren hat Bundesinnenminister Genscher par odre du mufti (Erlass) die Abschaffung des Begriffs &#8222;Fr\u00e4ulein&#8220; in den Beh\u00f6rden befohlen. Die gesamte deutsche Qualit\u00e4tspresse ist sich einig: Das war ein gro\u00dfe Tag f\u00fcr die Gleichstellung der Frau. Zuvor wurden unverheiratete junge Frauen in Deutschland als &#8222;Freiwild markiert&#8222;, laut n-tv wurden sie sogar &#8222;infantilisiert&#8222;. Mein Gott,<span class=\"excerpt-more\"> [&#8230;]<\/span><\/p>\n","protected":false},"author":2,"featured_media":0,"comment_status":"closed","ping_status":"open","sticky":false,"template":"","format":"standard","meta":{"slim_seo":{"description":"Vor 50 Jahren hat Bundesinnenminister Genscher par odre du mufti (Erlass) die Abschaffung des Begriffs \"Fr\u00e4ulein\" in den Beh\u00f6rden befohlen.","title":"Fr\u00e4ulein, Miss, Mademoiselle - Rechtsanwalt Markus Domanski"},"footnotes":""},"categories":[138,10],"tags":[],"class_list":["post-36246","post","type-post","status-publish","format-standard","hentry","category-rechtsgeschichte","category-verwaltungsrecht"],"_links":{"self":[{"href":"https:\/\/ra-domanski.de\/page\/wp-json\/wp\/v2\/posts\/36246","targetHints":{"allow":["GET"]}}],"collection":[{"href":"https:\/\/ra-domanski.de\/page\/wp-json\/wp\/v2\/posts"}],"about":[{"href":"https:\/\/ra-domanski.de\/page\/wp-json\/wp\/v2\/types\/post"}],"author":[{"embeddable":true,"href":"https:\/\/ra-domanski.de\/page\/wp-json\/wp\/v2\/users\/2"}],"replies":[{"embeddable":true,"href":"https:\/\/ra-domanski.de\/page\/wp-json\/wp\/v2\/comments?post=36246"}],"version-history":[{"count":0,"href":"https:\/\/ra-domanski.de\/page\/wp-json\/wp\/v2\/posts\/36246\/revisions"}],"wp:attachment":[{"href":"https:\/\/ra-domanski.de\/page\/wp-json\/wp\/v2\/media?parent=36246"}],"wp:term":[{"taxonomy":"category","embeddable":true,"href":"https:\/\/ra-domanski.de\/page\/wp-json\/wp\/v2\/categories?post=36246"},{"taxonomy":"post_tag","embeddable":true,"href":"https:\/\/ra-domanski.de\/page\/wp-json\/wp\/v2\/tags?post=36246"}],"curies":[{"name":"wp","href":"https:\/\/api.w.org\/{rel}","templated":true}]}}